{"id":2096,"date":"2021-07-27T10:58:18","date_gmt":"2021-07-27T08:58:18","guid":{"rendered":"https:\/\/develop.immobilienbusiness.ch\/de\/allgemein\/2021-07-27\/kriens-baugesuch-fur-pilatus-arena-liegt-auf\/"},"modified":"2021-07-27T10:58:18","modified_gmt":"2021-07-27T08:58:18","slug":"kriens-baugesuch-fur-pilatus-arena-liegt-auf","status":"publish","type":"post","link":"https:\/\/develop.immobilienbusiness.ch\/fr\/ib\/2021-07-27\/kriens-baugesuch-fur-pilatus-arena-liegt-auf\/","title":{"rendered":"Kriens: Baugesuch f\u00fcr Pilatus Arena liegt auf"},"content":{"rendered":"<p><span><span>Das Projekt Pilatus Arena auf dem Areal Mattenhof II umfasst eine Sport- und Eventhalle f\u00fcr 4.000 Zuschauerinnen und Zuschauer sowie eine kommerzielle Mantelnutzung. Geplant sind zwei Hochh\u00e4user von 110 bzw. 50 Metern H\u00f6he, in denen vorwiegend Eigentumswohnungen entstehen werden.<\/span><\/span><\/p>\n<p><span><span><span>Die Planauflage l\u00e4uft noch bis am 2. August\u00a02021. Die Frist musste verl\u00e4ngert werden, da eine Kontrolle der Stadt Kriens zur H\u00f6he des Baugespanns ergeben hatte, dass der ausgesteckte h\u00f6chste Punkt nicht den Pl\u00e4nen entsprach: Es fehlten die obersten 13 Meter des Hochhauses. Da eine Verl\u00e4ngerung der bestehenden Profilstange aus technischen Gr\u00fcnden nicht m\u00f6glich ist, hat die Bauherrschaft das Problem nun mit einem Markier-Ballon gel\u00f6st. <\/span><\/span><\/span><\/p>","protected":false},"excerpt":{"rendered":"<p><span><span><span>Nachdem der Luzerner Regierungsrat den Bebauungsplan f\u00fcr die Pilatus Arena in Kriens bewilligt hat, liegt das Baugesuch f\u00fcr die Sport- und Eventhalle mit Mantelbebauung nun \u00f6ffentlich auf.<\/span><\/span><\/span><\/p>","protected":false},"author":23,"featured_media":0,"comment_status":"closed","ping_status":"closed","sticky":false,"template":"","format":"standard","meta":{"_acf_changed":false,"footnotes":""},"categories":[5],"tags":[59,11,10,14],"class_list":["post-2096","post","type-post","status-publish","format-standard","hentry","category-ib","tag-freizeitimmobilien","tag-in-planung","tag-lu","tag-mfh-stockwerkeigentum"],"acf":[],"_links":{"self":[{"href":"https:\/\/develop.immobilienbusiness.ch\/fr\/wp-json\/wp\/v2\/posts\/2096","targetHints":{"allow":["GET"]}}],"collection":[{"href":"https:\/\/develop.immobilienbusiness.ch\/fr\/wp-json\/wp\/v2\/posts"}],"about":[{"href":"https:\/\/develop.immobilienbusiness.ch\/fr\/wp-json\/wp\/v2\/types\/post"}],"author":[{"embeddable":true,"href":"https:\/\/develop.immobilienbusiness.ch\/fr\/wp-json\/wp\/v2\/users\/23"}],"replies":[{"embeddable":true,"href":"https:\/\/develop.immobilienbusiness.ch\/fr\/wp-json\/wp\/v2\/comments?post=2096"}],"version-history":[{"count":0,"href":"https:\/\/develop.immobilienbusiness.ch\/fr\/wp-json\/wp\/v2\/posts\/2096\/revisions"}],"wp:attachment":[{"href":"https:\/\/develop.immobilienbusiness.ch\/fr\/wp-json\/wp\/v2\/media?parent=2096"}],"wp:term":[{"taxonomy":"category","embeddable":true,"href":"https:\/\/develop.immobilienbusiness.ch\/fr\/wp-json\/wp\/v2\/categories?post=2096"},{"taxonomy":"post_tag","embeddable":true,"href":"https:\/\/develop.immobilienbusiness.ch\/fr\/wp-json\/wp\/v2\/tags?post=2096"}],"curies":[{"name":"wp","href":"https:\/\/api.w.org\/{rel}","templated":true}]}}