{"id":2091,"date":"2021-07-26T11:09:59","date_gmt":"2021-07-26T09:09:59","guid":{"rendered":"https:\/\/develop.immobilienbusiness.ch\/de\/allgemein\/2021-07-26\/morges-auszeichnung-fur-quartier-des-halles\/"},"modified":"2021-07-26T11:09:59","modified_gmt":"2021-07-26T09:09:59","slug":"morges-auszeichnung-fur-quartier-des-halles","status":"publish","type":"post","link":"https:\/\/develop.immobilienbusiness.ch\/fr\/ib\/2021-07-26\/morges-auszeichnung-fur-quartier-des-halles\/","title":{"rendered":"Morges: Auszeichnung f\u00fcr Quartier des Halles"},"content":{"rendered":"<p><span><span><span>Das Quartier des Halles in Morges umfasst Wohnraum f\u00fcr \u00fcber tausend Menschen, Fl\u00e4chen f\u00fcr Gesch\u00e4fte und B\u00fcros sowie eine Schule, eine Kinderkrippe und einen Mehrzweckbereich. Bauherrin des Projekts ist die SBB, als Totalunternehmer fungierte HRS. Das B\u00fcro Aeby Perneger &amp; Associ\u00e9s hat das Quartier entworfen und daf\u00fcr einen \u00abbest architects 22 award\u00bb erhalten. <\/span><\/span><\/span><\/p>\n<p><span><span><span>Mit dem Architekturpreis werden seit 2006 realisierte Bauten ausgezeichnet, die sich durch herausragende architektonische Qualit\u00e4t hervorheben. In diesem Jahr ist nach Angaben der Initiatoren mit \u00fcber 400 Einreichungen eine der h\u00f6chsten Teilnehmerzahlen seit Bestehen des Awards erreicht worden. Die Jury bestand aus Sandy Attia (Brixen), Samuel Lundberg (Stockholm) und Prof. Rolf Seiler (Genf). Insgesamt sind 81 Projekte mit der Auszeichnung gew\u00fcrdigt worden, zehn weitere Arbeiten haben den \u00abbest architects 22 award\u00bb in Gold erhalten.<\/span><\/span><\/span><\/p>","protected":false},"excerpt":{"rendered":"<p><span><span><span>Das Architekturb\u00fcro Aeby Perneger &amp; Associ\u00e9s hat f\u00fcr das Quartier des Halles in Morges (VD) die Auszeichnung Best Architects 22 in der Kategorie Wohnungsbau\/Mehrfamilienh\u00e4user erhalten.<\/span><\/span><\/span><\/p>","protected":false},"author":23,"featured_media":0,"comment_status":"closed","ping_status":"closed","sticky":false,"template":"","format":"standard","meta":{"_acf_changed":false,"footnotes":""},"categories":[5],"tags":[7,4,16,44],"class_list":["post-2091","post","type-post","status-publish","format-standard","hentry","category-ib","tag-buro","tag-mehrfamilienhaus-miete","tag-retail","tag-vd"],"acf":[],"_links":{"self":[{"href":"https:\/\/develop.immobilienbusiness.ch\/fr\/wp-json\/wp\/v2\/posts\/2091","targetHints":{"allow":["GET"]}}],"collection":[{"href":"https:\/\/develop.immobilienbusiness.ch\/fr\/wp-json\/wp\/v2\/posts"}],"about":[{"href":"https:\/\/develop.immobilienbusiness.ch\/fr\/wp-json\/wp\/v2\/types\/post"}],"author":[{"embeddable":true,"href":"https:\/\/develop.immobilienbusiness.ch\/fr\/wp-json\/wp\/v2\/users\/23"}],"replies":[{"embeddable":true,"href":"https:\/\/develop.immobilienbusiness.ch\/fr\/wp-json\/wp\/v2\/comments?post=2091"}],"version-history":[{"count":0,"href":"https:\/\/develop.immobilienbusiness.ch\/fr\/wp-json\/wp\/v2\/posts\/2091\/revisions"}],"wp:attachment":[{"href":"https:\/\/develop.immobilienbusiness.ch\/fr\/wp-json\/wp\/v2\/media?parent=2091"}],"wp:term":[{"taxonomy":"category","embeddable":true,"href":"https:\/\/develop.immobilienbusiness.ch\/fr\/wp-json\/wp\/v2\/categories?post=2091"},{"taxonomy":"post_tag","embeddable":true,"href":"https:\/\/develop.immobilienbusiness.ch\/fr\/wp-json\/wp\/v2\/tags?post=2091"}],"curies":[{"name":"wp","href":"https:\/\/api.w.org\/{rel}","templated":true}]}}