{"id":2060,"date":"2021-07-08T09:35:53","date_gmt":"2021-07-08T07:35:53","guid":{"rendered":"https:\/\/develop.immobilienbusiness.ch\/de\/allgemein\/2021-07-08\/jurgen-marc-volm-ist-neuer-vorsitzender-von-uli-schweiz\/"},"modified":"2021-07-08T09:35:53","modified_gmt":"2021-07-08T07:35:53","slug":"jurgen-marc-volm-ist-neuer-vorsitzender-von-uli-schweiz","status":"publish","type":"post","link":"https:\/\/develop.immobilienbusiness.ch\/fr\/ib\/2021-07-08\/jurgen-marc-volm-ist-neuer-vorsitzender-von-uli-schweiz\/","title":{"rendered":"J\u00fcrgen Marc Volm ist neuer Vorsitzender von ULI Schweiz"},"content":{"rendered":"<p><span><span><span>Professor J\u00fcrgen Marc Volm hat seine zweij\u00e4hrige Amtszeit am 1. Juli angetreten. Er folgt auf Birgit Werner MRICS, CEO der Indevise Group, die das ULI Schweiz seit 2016 leitete. Werner werde weiterhin eine aktive Rolle im Exekutivkomitee des ULI Schweiz und als ULI Global Governing Trustee spielen, teilt das Netzwerk mit.<\/span><\/span><\/span><\/p>\n<p><span><span><span>Volm gilt als ausgewiesener Immobilienexperte mit Erfahrung im internationalen Projektmanagement und in der Projektentwicklung. Vor seinem Wechsel zu Pom+ Consulting war er f\u00fcr den Aufbau von Drees &amp; Sommer in der Schweiz verantwortlich. Volm sagt, dass er<strong> <\/strong>als Vorsitzender auch einen Beitrag zur aktuellen ESG-Debatte leisten wolle, insbesondere in Bezug auf die Bereiche Kreislaufwirtschaft und soziale Verantwortung. Zudem sei es sein Ziel, ULI UrbanPlan an Schweizer Schulen und Universit\u00e4ten einzuf\u00fchren &#8211; ein Programm, bei dem Studierende und Sch\u00fcler Kenntnisse zum Thema Stadterneuerung erhalten sollen. Geplant ist auch ein Programm f\u00fcr Mitglieder zwischen 35 und 45 Jahren, um die kommende Generation von F\u00fchrungskr\u00e4ften in der DACH-Region zu verbinden. <\/span><\/span><\/span><\/p>\n<p><span><span><span>Das ULI gilt als \u00e4ltestes und gr\u00f6sstes Netzwerk von Immobilienexperten mit mehr als 45.000 Mitgliedern weltweit und \u00fcber als 4.000 Mitgliedern in Europa. In der Schweiz geh\u00f6ren ihm \u00fcber 100 Immobilienakteure aus dem privaten und \u00f6ffentlichen Bereich an. Der Schweizer Ableger wurde 2014 gegr\u00fcndet, seither sind \u00fcber 30 Veranstaltungen mit mehr als 1.000 Teilnehmenden durchgef\u00fchrt worden. Zudem ist eine Young Leader-Gruppe f\u00fcr Mitglieder unter 35 Jahren aktiv.<\/span><\/span><\/span><\/p>","protected":false},"excerpt":{"rendered":"<p><span><span><span>Das Urban Land Institute (ULI) hat J\u00fcrgen Marc Volm, Partner und Vorstandsmitglied bei Pom+ Consulting, zum Vorsitzenden des ULI Schweiz ernannt.<\/span><\/span><\/span><\/p>","protected":false},"author":23,"featured_media":0,"comment_status":"closed","ping_status":"closed","sticky":false,"template":"","format":"standard","meta":{"_acf_changed":false,"footnotes":""},"categories":[5],"tags":[74],"class_list":["post-2060","post","type-post","status-publish","format-standard","hentry","category-ib","tag-personalia"],"acf":[],"_links":{"self":[{"href":"https:\/\/develop.immobilienbusiness.ch\/fr\/wp-json\/wp\/v2\/posts\/2060","targetHints":{"allow":["GET"]}}],"collection":[{"href":"https:\/\/develop.immobilienbusiness.ch\/fr\/wp-json\/wp\/v2\/posts"}],"about":[{"href":"https:\/\/develop.immobilienbusiness.ch\/fr\/wp-json\/wp\/v2\/types\/post"}],"author":[{"embeddable":true,"href":"https:\/\/develop.immobilienbusiness.ch\/fr\/wp-json\/wp\/v2\/users\/23"}],"replies":[{"embeddable":true,"href":"https:\/\/develop.immobilienbusiness.ch\/fr\/wp-json\/wp\/v2\/comments?post=2060"}],"version-history":[{"count":0,"href":"https:\/\/develop.immobilienbusiness.ch\/fr\/wp-json\/wp\/v2\/posts\/2060\/revisions"}],"wp:attachment":[{"href":"https:\/\/develop.immobilienbusiness.ch\/fr\/wp-json\/wp\/v2\/media?parent=2060"}],"wp:term":[{"taxonomy":"category","embeddable":true,"href":"https:\/\/develop.immobilienbusiness.ch\/fr\/wp-json\/wp\/v2\/categories?post=2060"},{"taxonomy":"post_tag","embeddable":true,"href":"https:\/\/develop.immobilienbusiness.ch\/fr\/wp-json\/wp\/v2\/tags?post=2060"}],"curies":[{"name":"wp","href":"https:\/\/api.w.org\/{rel}","templated":true}]}}