{"id":2029,"date":"2021-07-01T08:34:25","date_gmt":"2021-07-01T06:34:25","guid":{"rendered":"https:\/\/develop.immobilienbusiness.ch\/de\/allgemein\/2021-07-01\/helvetica-hans-r-holdener-ubernimmt-ceo-posten\/"},"modified":"2021-07-01T08:34:25","modified_gmt":"2021-07-01T06:34:25","slug":"helvetica-hans-r-holdener-ubernimmt-ceo-posten","status":"publish","type":"post","link":"https:\/\/develop.immobilienbusiness.ch\/fr\/ib\/2021-07-01\/helvetica-hans-r-holdener-ubernimmt-ceo-posten\/","title":{"rendered":"Helvetica: Hans R. Holdener \u00fcbernimmt CEO-Posten"},"content":{"rendered":"<p><span><span><span>Der Verwaltungsrat der Helvetica Property Investors AG hat Hans R. Holdener per 1. November 2021 zum neuen CEO des Unternehmens ernannt. Der 55-j\u00e4hrige folgt auf Michael M\u00fcller, der das Unternehmen Ende Oktober verlassen wird. <\/span><\/span><\/span><\/p>\n<p><span><span><span>Holdener hat Helvetica Property Investors vor 15 Jahren gegr\u00fcndet und bereits von 2006 bis 2019 als CEO gef\u00fchrt. Im Oktober 2019 \u00fcbergab er das Amt an Michael M\u00fcller, der von Ledermann Management wechselte, und nahm im Verwaltungsrat und im Investment-Komitee Einsitz. M\u00fcller verlasse das Unternehmen, um sich selbstst\u00e4ndig zu machen, heisst es in einer Mitteilung von Helvetica. <\/span><\/span><\/span><\/p>\n<p><span><span><span>Weiter teilt die Gesellschaft mit, dass Holdener auf den 1. November 2021 hin aus dem Verwaltungsrat von Helvetica zur\u00fccktreten werde. Der Suchprozess f\u00fcr eine Nachfolgerin laufe.<\/span><\/span><\/span><\/p>","protected":false},"excerpt":{"rendered":"<p><span><span><span>Hans R. Holdener, Gr\u00fcnder und langj\u00e4hriger CEO von Helvetica Property Investors, kehrt im November zur\u00fcck an die operative Spitze der Gesellschaft. <\/span><\/span><\/span><\/p>","protected":false},"author":23,"featured_media":0,"comment_status":"closed","ping_status":"closed","sticky":false,"template":"","format":"standard","meta":{"_acf_changed":false,"footnotes":""},"categories":[5],"tags":[45,74],"class_list":["post-2029","post","type-post","status-publish","format-standard","hentry","category-ib","tag-asset-manager","tag-personalia"],"acf":[],"_links":{"self":[{"href":"https:\/\/develop.immobilienbusiness.ch\/fr\/wp-json\/wp\/v2\/posts\/2029","targetHints":{"allow":["GET"]}}],"collection":[{"href":"https:\/\/develop.immobilienbusiness.ch\/fr\/wp-json\/wp\/v2\/posts"}],"about":[{"href":"https:\/\/develop.immobilienbusiness.ch\/fr\/wp-json\/wp\/v2\/types\/post"}],"author":[{"embeddable":true,"href":"https:\/\/develop.immobilienbusiness.ch\/fr\/wp-json\/wp\/v2\/users\/23"}],"replies":[{"embeddable":true,"href":"https:\/\/develop.immobilienbusiness.ch\/fr\/wp-json\/wp\/v2\/comments?post=2029"}],"version-history":[{"count":0,"href":"https:\/\/develop.immobilienbusiness.ch\/fr\/wp-json\/wp\/v2\/posts\/2029\/revisions"}],"wp:attachment":[{"href":"https:\/\/develop.immobilienbusiness.ch\/fr\/wp-json\/wp\/v2\/media?parent=2029"}],"wp:term":[{"taxonomy":"category","embeddable":true,"href":"https:\/\/develop.immobilienbusiness.ch\/fr\/wp-json\/wp\/v2\/categories?post=2029"},{"taxonomy":"post_tag","embeddable":true,"href":"https:\/\/develop.immobilienbusiness.ch\/fr\/wp-json\/wp\/v2\/tags?post=2029"}],"curies":[{"name":"wp","href":"https:\/\/api.w.org\/{rel}","templated":true}]}}