{"id":2013,"date":"2021-06-28T09:55:22","date_gmt":"2021-06-28T07:55:22","guid":{"rendered":"https:\/\/develop.immobilienbusiness.ch\/de\/allgemein\/2021-06-28\/basel-tiefbahnhof-und-trinationale-s-bahn-sollen-kommen\/"},"modified":"2021-06-28T09:55:22","modified_gmt":"2021-06-28T07:55:22","slug":"basel-tiefbahnhof-und-trinationale-s-bahn-sollen-kommen","status":"publish","type":"post","link":"https:\/\/develop.immobilienbusiness.ch\/fr\/ib\/2021-06-28\/basel-tiefbahnhof-und-trinationale-s-bahn-sollen-kommen\/","title":{"rendered":"Basel: Tiefbahnhof und trinationale S-Bahn sollen kommen"},"content":{"rendered":"<p><span><span><span>Das Bundesamt f\u00fcr Verkehr, die Kantone Basel-Landschaft und Basel-Stadt und weitere Projekttr\u00e4ger haben ihre Pl\u00e4ne f\u00fcr den langfristigen Ausbau des Bahnknotens Basel konkretisiert. Man wolle eine Variante des \u00abHerzst\u00fccks\u00bb weiterverfolgen und eine Vorstudie f\u00fcr einen Tiefbahnhof erstellen, teilen sie mit. \u00dcber die Realisierung der Vorhaben entscheidet das nationale Parlament; die Botschaft dazu wird voraussichtlich bis Ende 2026 \u00fcberwiesen. Die Gesamtkosten werden auf 9 Mrd. CHF gesch\u00e4tzt. <\/span><\/span><\/span><\/p>\n<p><span><span><span>Das \u00abHerzst\u00fcck\u00bb schaffe die Voraussetzungen f\u00fcr S-Bahn-Durchmesserlinien und f\u00fcr einen effizienteren Betrieb des Badischen Bahnhofs und des Bahnhofs Basel SBB als Durchgangsbahnh\u00f6fe, schreiben die beiden Kantone in einer Mitteilung. Durch eine neue Haltestelle Basel Mitte werde die Innenstadt f\u00fcr die ganze Region viel besser erreichbar, weil der Umstieg ins Tram am Centralbahnplatz entfalle. So k\u00f6nne auch das Tramnetz sp\u00fcrbar entlastet werden.<\/span><\/span><\/span><\/p>\n<p><span><span><span>Der Ausbau des Angebots sei jedoch nur mit einem Tiefbahnhof am SBB m\u00f6glich, heisst es weiter, denn ansonsten st\u00fcnden nicht gen\u00fcgend Gleise und Perrons zur Verf\u00fcgung. Der Tiefbahnhof werde zudem bedeutend k\u00fcrzere Reisezeiten zur geplanten Haltestelle Basel Mitte erm\u00f6glichen. \u00dcber weitere Haltestellen des \u00abHerzst\u00fccks\u00bb und \u00fcber die Art des Anschlusses des Badischen Bahnhofs ist noch kein Entscheid gefallen. Man wolle aber eine Linienf\u00fchrung, die auch eine Haltestelle Klybeck einschliesse, betonen die Kantone in ihrer Mitteilung.<\/span><\/span><\/span><\/p>","protected":false},"excerpt":{"rendered":"<p><span><span><span>Seit langem laufen in Basel \u00dcberlegungen zu dem sogenannten Herzst\u00fcck, einer unterirdischen S-Bahn zwischen den Bahnh\u00f6fen SBB, Badischer Bahnhof und St. Johann. Nun sollen die Planungen vorangetrieben werden \u2013 mitsamt einem Tiefbahnhof am SBB.<\/span><\/span><\/span><\/p>","protected":false},"author":23,"featured_media":0,"comment_status":"closed","ping_status":"closed","sticky":false,"template":"","format":"standard","meta":{"_acf_changed":false,"footnotes":""},"categories":[5],"tags":[2,11,62],"class_list":["post-2013","post","type-post","status-publish","format-standard","hentry","category-ib","tag-bs","tag-in-planung","tag-infrastruktur"],"acf":[],"_links":{"self":[{"href":"https:\/\/develop.immobilienbusiness.ch\/fr\/wp-json\/wp\/v2\/posts\/2013","targetHints":{"allow":["GET"]}}],"collection":[{"href":"https:\/\/develop.immobilienbusiness.ch\/fr\/wp-json\/wp\/v2\/posts"}],"about":[{"href":"https:\/\/develop.immobilienbusiness.ch\/fr\/wp-json\/wp\/v2\/types\/post"}],"author":[{"embeddable":true,"href":"https:\/\/develop.immobilienbusiness.ch\/fr\/wp-json\/wp\/v2\/users\/23"}],"replies":[{"embeddable":true,"href":"https:\/\/develop.immobilienbusiness.ch\/fr\/wp-json\/wp\/v2\/comments?post=2013"}],"version-history":[{"count":0,"href":"https:\/\/develop.immobilienbusiness.ch\/fr\/wp-json\/wp\/v2\/posts\/2013\/revisions"}],"wp:attachment":[{"href":"https:\/\/develop.immobilienbusiness.ch\/fr\/wp-json\/wp\/v2\/media?parent=2013"}],"wp:term":[{"taxonomy":"category","embeddable":true,"href":"https:\/\/develop.immobilienbusiness.ch\/fr\/wp-json\/wp\/v2\/categories?post=2013"},{"taxonomy":"post_tag","embeddable":true,"href":"https:\/\/develop.immobilienbusiness.ch\/fr\/wp-json\/wp\/v2\/tags?post=2013"}],"curies":[{"name":"wp","href":"https:\/\/api.w.org\/{rel}","templated":true}]}}