{"id":1874,"date":"2021-05-28T10:07:07","date_gmt":"2021-05-28T08:07:07","guid":{"rendered":"https:\/\/develop.immobilienbusiness.ch\/de\/allgemein\/2021-05-28\/rhystadt-wechsel-im-verwaltungsrat\/"},"modified":"2021-05-28T10:07:07","modified_gmt":"2021-05-28T08:07:07","slug":"rhystadt-wechsel-im-verwaltungsrat","status":"publish","type":"post","link":"https:\/\/develop.immobilienbusiness.ch\/fr\/ib\/2021-05-28\/rhystadt-wechsel-im-verwaltungsrat\/","title":{"rendered":"Rhystadt: Wechsel im Verwaltungsrat"},"content":{"rendered":"<p><span><span><span>Stefan Frehner leitet die Bautreuhand und die Immobilien-Entwicklung der Baloise Asset Management AG. Er wurde an der Generalversammlung der Central Real Estate Holding AG als Nachfolger von Dieter Kr\u00e4uchi in den Verwaltungsrat der Entwicklungsgesellschaft Rhystadt AG gew\u00e4hlt. Kr\u00e4uchi stand nicht mehr zur Wiederwahl zur Verf\u00fcgung. <\/span><\/span><\/span><\/p>\n<p><span><span><span>Frehner hat Architektur und Betriebswirtschaft studiert und hat einen Master in Banking. Dar\u00fcber hinaus hat er ein CAS in Immobilienbewertung abgeschlossen und ist Mitglied im SIV (Schweizer Immobiliensch\u00e4tzer-Verband). Bis im April 2020 war er Co-Amtsvorsteher und Leiter Immobilienmanagement des Amts f\u00fcr Grundst\u00fccke und Geb\u00e4ude des Kantons Bern. Fr\u00fchere Stationen seiner beruflichen Laufbahn waren die Migros Aare, die Totalunternehmung Steiner und die Berner Kantonalbank.<\/span><\/span><\/span><\/p>","protected":false},"excerpt":{"rendered":"<p><span><span><span>Die Rhystadt AG, die auf dem Basler Klybeck-Areal ein neues Stadtquartier entwickeln will, hat mit Stefan Frehner einen neuen Verwaltungsrat erhalten. <\/span><\/span><\/span><\/p>","protected":false},"author":23,"featured_media":0,"comment_status":"closed","ping_status":"closed","sticky":false,"template":"","format":"standard","meta":{"_acf_changed":false,"footnotes":""},"categories":[5],"tags":[2,11,74],"class_list":["post-1874","post","type-post","status-publish","format-standard","hentry","category-ib","tag-bs","tag-in-planung","tag-personalia"],"acf":[],"_links":{"self":[{"href":"https:\/\/develop.immobilienbusiness.ch\/fr\/wp-json\/wp\/v2\/posts\/1874","targetHints":{"allow":["GET"]}}],"collection":[{"href":"https:\/\/develop.immobilienbusiness.ch\/fr\/wp-json\/wp\/v2\/posts"}],"about":[{"href":"https:\/\/develop.immobilienbusiness.ch\/fr\/wp-json\/wp\/v2\/types\/post"}],"author":[{"embeddable":true,"href":"https:\/\/develop.immobilienbusiness.ch\/fr\/wp-json\/wp\/v2\/users\/23"}],"replies":[{"embeddable":true,"href":"https:\/\/develop.immobilienbusiness.ch\/fr\/wp-json\/wp\/v2\/comments?post=1874"}],"version-history":[{"count":0,"href":"https:\/\/develop.immobilienbusiness.ch\/fr\/wp-json\/wp\/v2\/posts\/1874\/revisions"}],"wp:attachment":[{"href":"https:\/\/develop.immobilienbusiness.ch\/fr\/wp-json\/wp\/v2\/media?parent=1874"}],"wp:term":[{"taxonomy":"category","embeddable":true,"href":"https:\/\/develop.immobilienbusiness.ch\/fr\/wp-json\/wp\/v2\/categories?post=1874"},{"taxonomy":"post_tag","embeddable":true,"href":"https:\/\/develop.immobilienbusiness.ch\/fr\/wp-json\/wp\/v2\/tags?post=1874"}],"curies":[{"name":"wp","href":"https:\/\/api.w.org\/{rel}","templated":true}]}}