{"id":1864,"date":"2021-05-26T10:39:19","date_gmt":"2021-05-26T08:39:19","guid":{"rendered":"https:\/\/develop.immobilienbusiness.ch\/de\/allgemein\/2021-05-26\/basel-umgestaltung-der-freie-strasse-kommt-voran\/"},"modified":"2021-05-26T10:39:19","modified_gmt":"2021-05-26T08:39:19","slug":"basel-umgestaltung-der-freie-strasse-kommt-voran","status":"publish","type":"post","link":"https:\/\/develop.immobilienbusiness.ch\/fr\/ib\/2021-05-26\/basel-umgestaltung-der-freie-strasse-kommt-voran\/","title":{"rendered":"Basel: Umgestaltung der Freie Strasse kommt voran"},"content":{"rendered":"<p><span><span><span>Die Freie Strasse sowie die R\u00fcden-, Streit-, Kaufhaus- und Barf\u00fcssergasse werden seit Mitte 2020 saniert und \u00fcber die gesamte Strassenbreite gepflastert. Im Rahmen der zweiten Bauetappe, die sowohl die Freie Strasse von der B\u00e4umlein- bis zur Streitgasse sowie die ganze Barf\u00fcsser-, Kaufhaus- und Streitgasse umfasst, werden nun zun\u00e4chst die Kanalisation erneuert, neue Fernw\u00e4rmeleitungen verlegt und Wasser- und Stromleitungen ersetzt. <\/span><\/span><\/span><\/p>\n<p><span><span><span>Danach folgt die Umgestaltung der Freie Strasse: Der Dreizackbrunnen wird etwa zwei Meter gegen die Strassenmitte verschoben und dort wieder zusammengebaut. So soll er k\u00fcnftig aus allen Richtungen von Weitem sichtbar sein und zum Mittelpunkt der Freien Strasse werden. Der Baum der B\u00e4umleingasse wird im Fr\u00fchjahr 2022 an die Freie Strasse versetzt. Ab Anfang 2022 werden dann auf der ganzen Strassenbreite Platten aus Quarzsandstein verlegt. <\/span><\/span><\/span><\/p>","protected":false},"excerpt":{"rendered":"<p><span><span><span>Die erste von insgesamt f\u00fcnf Etappen zur Sanierung der Freie Strasse, jene zwischen Bankverein und B\u00e4umleingasse, ist abgeschlossen. Derzeit l\u00e4uft die zweite Bauetappe f\u00fcr die Neugestaltung der Basler Einkaufsmeile.<\/span><\/span><\/span><\/p>","protected":false},"author":23,"featured_media":0,"comment_status":"closed","ping_status":"closed","sticky":false,"template":"","format":"standard","meta":{"_acf_changed":false,"footnotes":""},"categories":[5],"tags":[2,62,16],"class_list":["post-1864","post","type-post","status-publish","format-standard","hentry","category-ib","tag-bs","tag-infrastruktur","tag-retail"],"acf":[],"_links":{"self":[{"href":"https:\/\/develop.immobilienbusiness.ch\/fr\/wp-json\/wp\/v2\/posts\/1864","targetHints":{"allow":["GET"]}}],"collection":[{"href":"https:\/\/develop.immobilienbusiness.ch\/fr\/wp-json\/wp\/v2\/posts"}],"about":[{"href":"https:\/\/develop.immobilienbusiness.ch\/fr\/wp-json\/wp\/v2\/types\/post"}],"author":[{"embeddable":true,"href":"https:\/\/develop.immobilienbusiness.ch\/fr\/wp-json\/wp\/v2\/users\/23"}],"replies":[{"embeddable":true,"href":"https:\/\/develop.immobilienbusiness.ch\/fr\/wp-json\/wp\/v2\/comments?post=1864"}],"version-history":[{"count":0,"href":"https:\/\/develop.immobilienbusiness.ch\/fr\/wp-json\/wp\/v2\/posts\/1864\/revisions"}],"wp:attachment":[{"href":"https:\/\/develop.immobilienbusiness.ch\/fr\/wp-json\/wp\/v2\/media?parent=1864"}],"wp:term":[{"taxonomy":"category","embeddable":true,"href":"https:\/\/develop.immobilienbusiness.ch\/fr\/wp-json\/wp\/v2\/categories?post=1864"},{"taxonomy":"post_tag","embeddable":true,"href":"https:\/\/develop.immobilienbusiness.ch\/fr\/wp-json\/wp\/v2\/tags?post=1864"}],"curies":[{"name":"wp","href":"https:\/\/api.w.org\/{rel}","templated":true}]}}