{"id":1860,"date":"2021-05-26T08:34:02","date_gmt":"2021-05-26T06:34:02","guid":{"rendered":"https:\/\/develop.immobilienbusiness.ch\/de\/allgemein\/2021-05-26\/bulach-stiftung-wisli-wird-ankermieterin-im-glasi-quartier\/"},"modified":"2021-05-26T08:34:02","modified_gmt":"2021-05-26T06:34:02","slug":"bulach-stiftung-wisli-wird-ankermieterin-im-glasi-quartier","status":"publish","type":"post","link":"https:\/\/develop.immobilienbusiness.ch\/fr\/ib\/2021-05-26\/bulach-stiftung-wisli-wird-ankermieterin-im-glasi-quartier\/","title":{"rendered":"B\u00fclach: Stiftung Wisli wird Ankermieterin im Glasi-Quartier"},"content":{"rendered":"<p><span><span><span>\u00abNach intensiven und konstruktiven Verhandlungen\u00bb habe man die Stiftung Wisli als langj\u00e4hrige Mieterin und Ankermieterin gewinnen k\u00f6nnen, teilt die Arealentwicklerin und Totalunternehmerin Steiner AG mit. Die Stiftung ist zurzeit an neun verschiedenen Standorten in der Stadt B\u00fclach vertreten und will acht dieser Standorte in einem eigenen Campus im Glasi-Quartier zusammenf\u00fchren &#8211; im B\u00fcro- und Gewerbehaus Angelo (Haus A). Das Baugesuch f\u00fcr das Geb\u00e4ude ist bereits eingereicht, das Baubewilligungsverfahren l\u00e4uft. Mit dem Baubeginn wird im Fr\u00fchjahr 2022 gerechnet. <\/span><\/span><\/span><\/p>\n<p><span><span><span>Die Stiftung Wisli unterst\u00fctzt Menschen mit psychischen, physischen oder sozialen Beeintr\u00e4chtigungen, wobei die Bereiche Arbeit, Arbeitsintegration sowie Wohnbegleitung im Fokus stehen. Im Glasi-Areal sollen jedoch auch Anwohnende und Laufkundschaft von den Angeboten der Stiftung profitieren, u.a. ist der Umzug der Velowerkstatt Wisli ins neue Quartier geplant. Gesch\u00e4ftsf\u00fchrer Martin Bieber hebt insbesondere die \u00aboptimale\u00bb Erschliessung des Glasi-Areals hervor. Der Bahnhof B\u00fclach ist nur wenige Gehminuten entfernt, und \u00fcber eine Bushaltestelle ist das Zentrum von B\u00fclach gut erreichbar. <\/span><\/span><\/span><\/p>\n<p><span><span><span>Das Glasi-Quartier in B\u00fclach Nord wird dereinst 560 Wohnungen, Gewerbe, L\u00e4den sowie ein Wohn- und Pflegezentrum umfassen. Die ersten Gewerbefl\u00e4chen sind etappenweise ab Herbst 2022 bezugsbereit. Bislang sind laut Steiner f\u00fcr mehr als 50% der insgesamt 35.000 qm Gewerbefl\u00e4chen langfristige und renommierte Mieter gefunden worden, darunter Tertianum und Denner. Mit weiteren Interessenten seien die Gespr\u00e4che bereits weit fortgeschritten. Derzeit st\u00fcnden noch flexible Fl\u00e4chen f\u00fcr B\u00fcros sowie kleine und grosse Verkaufs- und Gewerbefl\u00e4chen f\u00fcr Caf\u00e9s, Restaurants, L\u00e4den und Gewerbebetriebe zur Verf\u00fcgung. <\/span><\/span><\/span><\/p>","protected":false},"excerpt":{"rendered":"<p><span><span><span>Die gemeinn\u00fctzige Stiftung Wisli mietet sich im Haus A des Glasi-Quartiers in B\u00fclach (ZH) ein, teilt die Entwicklerin Steiner mit. Das Baubewilligungsverfahren f\u00fcr das B\u00fcro- und Gewerbehaus l\u00e4uft derzeit.<\/span><\/span><\/span><\/p>","protected":false},"author":23,"featured_media":0,"comment_status":"closed","ping_status":"closed","sticky":false,"template":"","format":"standard","meta":{"_acf_changed":false,"footnotes":""},"categories":[5],"tags":[7,11,40,42],"class_list":["post-1860","post","type-post","status-publish","format-standard","hentry","category-ib","tag-buro","tag-in-planung","tag-vermietung","tag-zh"],"acf":[],"_links":{"self":[{"href":"https:\/\/develop.immobilienbusiness.ch\/fr\/wp-json\/wp\/v2\/posts\/1860","targetHints":{"allow":["GET"]}}],"collection":[{"href":"https:\/\/develop.immobilienbusiness.ch\/fr\/wp-json\/wp\/v2\/posts"}],"about":[{"href":"https:\/\/develop.immobilienbusiness.ch\/fr\/wp-json\/wp\/v2\/types\/post"}],"author":[{"embeddable":true,"href":"https:\/\/develop.immobilienbusiness.ch\/fr\/wp-json\/wp\/v2\/users\/23"}],"replies":[{"embeddable":true,"href":"https:\/\/develop.immobilienbusiness.ch\/fr\/wp-json\/wp\/v2\/comments?post=1860"}],"version-history":[{"count":0,"href":"https:\/\/develop.immobilienbusiness.ch\/fr\/wp-json\/wp\/v2\/posts\/1860\/revisions"}],"wp:attachment":[{"href":"https:\/\/develop.immobilienbusiness.ch\/fr\/wp-json\/wp\/v2\/media?parent=1860"}],"wp:term":[{"taxonomy":"category","embeddable":true,"href":"https:\/\/develop.immobilienbusiness.ch\/fr\/wp-json\/wp\/v2\/categories?post=1860"},{"taxonomy":"post_tag","embeddable":true,"href":"https:\/\/develop.immobilienbusiness.ch\/fr\/wp-json\/wp\/v2\/tags?post=1860"}],"curies":[{"name":"wp","href":"https:\/\/api.w.org\/{rel}","templated":true}]}}