{"id":1853,"date":"2021-05-25T08:33:49","date_gmt":"2021-05-25T06:33:49","guid":{"rendered":"https:\/\/develop.immobilienbusiness.ch\/de\/allgemein\/2021-05-25\/die-immobilienmesse-immo-wird-unabhangig\/"},"modified":"2021-05-25T08:33:49","modified_gmt":"2021-05-25T06:33:49","slug":"die-immobilienmesse-immo-wird-unabhangig","status":"publish","type":"post","link":"https:\/\/develop.immobilienbusiness.ch\/fr\/ib\/2021-05-25\/die-immobilienmesse-immo-wird-unabhangig\/","title":{"rendered":"Die Immobilienmesse IMMO wird unabh\u00e4ngig"},"content":{"rendered":"<p><span><span><span>Im kommenden Jahr wird die Schweizer Immobilienmesse f\u00fcr Investoren IMMO ihr zehnj\u00e4hriges Bestehen feiern und zugleich unabh\u00e4ngig und r\u00e4umlich getrennt von der Finanzmesse stattfinden. Das teilt der Veranstalter mit. Man habe sich zu dem Schritt \u00abinfolge anhaltender Planungsunsicherheiten und weiterhin geltenden restriktiven Bestimmungen in Zusammenhang mit Covid 19\u00bb entschieden. <\/span><\/span><\/span><\/p>\n<p><span><span><span>Nach dem erfolgreichen Verlauf der IMMO21, die pandemiebedingt als Online-Event durchgef\u00fchrt wurde und mit 93 Gesellschaften einen Ausstellerrekord verzeichnete, wolle man das hybride Veranstaltungskonzept weiter ausbauen, heisst es weiter. Auch in Zukunft soll der Begleitkongress IMMO Forum live \u00fcber die Messewebsite \u00fcbertragen werden. F\u00fcr das franz\u00f6sischsprachige Publikum ist ab dem kommenden Jahr zudem eine Synchron\u00fcbersetzung geplant. Das diesj\u00e4hrige IMMO Forum im Januar hatte \u00fcber 4.000 Zuschaltungen zu der Live\u00fcbertragung verzeichnet. <\/span><\/span><\/span><\/p>\n<p><span><span><span>Der Branchenanlass, der mittlerweile als gr\u00f6sste Schweizer Messe f\u00fcr professionelle inl\u00e4ndische und ausl\u00e4ndische Immobilienakteure gilt, wird am 19. und 20. Januar 2022 in der Halle 622 in Z\u00fcrich Oerlikon stattfinden. Organisatoren sind MV Invest und der Swiss Circle.<\/span><\/span><\/span><\/p>","protected":false},"excerpt":{"rendered":"<p><span><span><span>Die Fachmesse f\u00fcr Immobilieninvestoren IMMO findet k\u00fcnftig unabh\u00e4ngig von der Finanzmesse statt. Hintergrund sind nach Veranstalterangaben Planungsunsicherheiten im Zusammenhang mit der Corona-Pandemie.<\/span><\/span><\/span><\/p>","protected":false},"author":23,"featured_media":0,"comment_status":"closed","ping_status":"closed","sticky":false,"template":"","format":"standard","meta":{"_acf_changed":false,"footnotes":""},"categories":[5],"tags":[42],"class_list":["post-1853","post","type-post","status-publish","format-standard","hentry","category-ib","tag-zh"],"acf":[],"_links":{"self":[{"href":"https:\/\/develop.immobilienbusiness.ch\/fr\/wp-json\/wp\/v2\/posts\/1853","targetHints":{"allow":["GET"]}}],"collection":[{"href":"https:\/\/develop.immobilienbusiness.ch\/fr\/wp-json\/wp\/v2\/posts"}],"about":[{"href":"https:\/\/develop.immobilienbusiness.ch\/fr\/wp-json\/wp\/v2\/types\/post"}],"author":[{"embeddable":true,"href":"https:\/\/develop.immobilienbusiness.ch\/fr\/wp-json\/wp\/v2\/users\/23"}],"replies":[{"embeddable":true,"href":"https:\/\/develop.immobilienbusiness.ch\/fr\/wp-json\/wp\/v2\/comments?post=1853"}],"version-history":[{"count":0,"href":"https:\/\/develop.immobilienbusiness.ch\/fr\/wp-json\/wp\/v2\/posts\/1853\/revisions"}],"wp:attachment":[{"href":"https:\/\/develop.immobilienbusiness.ch\/fr\/wp-json\/wp\/v2\/media?parent=1853"}],"wp:term":[{"taxonomy":"category","embeddable":true,"href":"https:\/\/develop.immobilienbusiness.ch\/fr\/wp-json\/wp\/v2\/categories?post=1853"},{"taxonomy":"post_tag","embeddable":true,"href":"https:\/\/develop.immobilienbusiness.ch\/fr\/wp-json\/wp\/v2\/tags?post=1853"}],"curies":[{"name":"wp","href":"https:\/\/api.w.org\/{rel}","templated":true}]}}