{"id":1716,"date":"2021-04-26T08:40:24","date_gmt":"2021-04-26T06:40:24","guid":{"rendered":"https:\/\/develop.immobilienbusiness.ch\/de\/allgemein\/2021-04-26\/neuenkirch-restaurant-la-squadra-schliesst\/"},"modified":"2021-04-26T08:40:24","modified_gmt":"2021-04-26T06:40:24","slug":"neuenkirch-restaurant-la-squadra-schliesst","status":"publish","type":"post","link":"https:\/\/develop.immobilienbusiness.ch\/fr\/ib\/2021-04-26\/neuenkirch-restaurant-la-squadra-schliesst\/","title":{"rendered":"Neuenkirch: Restaurant La Squadra schliesst"},"content":{"rendered":"<p><span><span><span>Romano Simioni junior hat das Ristorante La Squadra an der Surseestrasse 24 in Neuenkirch viereinhalb Jahre lang betrieben. Wie er nun auf der Website des Restaurants mitteilt, sei er wegen der \u00abanhaltenden Corono-Situation\u00bb gezwungen, die Gastst\u00e4tte dauerhaft zu schliessen. <\/span><\/span><\/span><\/p>\n<p><span><span><span><a href=\"https:\/\/www.zentralplus.ch\/das-restaurant-la-squadra-in-neuenkirch-schliesst-2067929\/\">Laut einem Bericht von <em>Zentralplus<\/em><\/a> ist die Betreibergesellschaft konkurs. Simioni zufolge sei das Restaurant anfangs gut gelaufen, doch die Frequenzen h\u00e4tten sich nicht wie erhofft entwickelt. Schon vor dem Lockdown sei zu wenig Geld reingekommen. Das Restaurant verf\u00fcgt \u00fcber einen grossen Gastraum und eine grosse Terrasse mit Aussenpl\u00e4tzen.<\/span><\/span><\/span><\/p>","protected":false},"excerpt":{"rendered":"<p><span><span><span>Das Restaurant La Squadra in Neuenkirch (LU) bleibt nach dem zweiten Lockdown dauerhaft geschlossen. Der Konkurs \u00fcber das Unternehmen ist er\u00f6ffnet worden.<\/span><\/span><\/span><\/p>","protected":false},"author":23,"featured_media":0,"comment_status":"closed","ping_status":"closed","sticky":false,"template":"","format":"standard","meta":{"_acf_changed":false,"footnotes":""},"categories":[5],"tags":[78,10,17],"class_list":["post-1716","post","type-post","status-publish","format-standard","hentry","category-ib","tag-gastronomie","tag-lu","tag-verfugbare-flache"],"acf":[],"_links":{"self":[{"href":"https:\/\/develop.immobilienbusiness.ch\/fr\/wp-json\/wp\/v2\/posts\/1716","targetHints":{"allow":["GET"]}}],"collection":[{"href":"https:\/\/develop.immobilienbusiness.ch\/fr\/wp-json\/wp\/v2\/posts"}],"about":[{"href":"https:\/\/develop.immobilienbusiness.ch\/fr\/wp-json\/wp\/v2\/types\/post"}],"author":[{"embeddable":true,"href":"https:\/\/develop.immobilienbusiness.ch\/fr\/wp-json\/wp\/v2\/users\/23"}],"replies":[{"embeddable":true,"href":"https:\/\/develop.immobilienbusiness.ch\/fr\/wp-json\/wp\/v2\/comments?post=1716"}],"version-history":[{"count":0,"href":"https:\/\/develop.immobilienbusiness.ch\/fr\/wp-json\/wp\/v2\/posts\/1716\/revisions"}],"wp:attachment":[{"href":"https:\/\/develop.immobilienbusiness.ch\/fr\/wp-json\/wp\/v2\/media?parent=1716"}],"wp:term":[{"taxonomy":"category","embeddable":true,"href":"https:\/\/develop.immobilienbusiness.ch\/fr\/wp-json\/wp\/v2\/categories?post=1716"},{"taxonomy":"post_tag","embeddable":true,"href":"https:\/\/develop.immobilienbusiness.ch\/fr\/wp-json\/wp\/v2\/tags?post=1716"}],"curies":[{"name":"wp","href":"https:\/\/api.w.org\/{rel}","templated":true}]}}