{"id":166,"date":"2020-04-16T10:56:28","date_gmt":"2020-04-16T08:56:28","guid":{"rendered":"https:\/\/develop.immobilienbusiness.ch\/de\/allgemein\/2020-04-16\/bern-mussen-hauser-weichen-fur-eine-neue-velobrucke\/"},"modified":"2020-04-16T10:56:28","modified_gmt":"2020-04-16T08:56:28","slug":"bern-mussen-hauser-weichen-fur-eine-neue-velobrucke","status":"publish","type":"post","link":"https:\/\/develop.immobilienbusiness.ch\/fr\/ib\/2020-04-16\/bern-mussen-hauser-weichen-fur-eine-neue-velobrucke\/","title":{"rendered":"Bern: M\u00fcssen H\u00e4user weichen f\u00fcr eine neue Velobr\u00fccke?"},"content":{"rendered":"<p>In Bern soll zwischen Breitenrain und L\u00e4nggasse eine neue Velo- und Fussg\u00e4ngerbr\u00fccke entstehen. Eine m\u00f6gliche Linienf\u00fchrung zwischen dem Wylerfeld und der L\u00e4nggasse r\u00fcckt nun in den Fokus der Planungen. Die Variante w\u00fcrde auf der Seite Breitenrain eine direktere Zufahrtsroute zur Br\u00fccke erm\u00f6glichen, aber dazu m\u00fcssten Geb\u00e4ude r\u00fcckgebaut werden.<\/p>\n<p>Man sehe in dieser Variante ein grosses stadtr\u00e4umliches Potenzial, teilt der Berner Gemeinderat mit. Bis Ende 2020 soll dazu eine Vertiefungsstudie ausgearbeitet werden. Wie es weiter heisst, sei dem Gemeinderat das Anliegen, den R\u00fcckbau von Liegenschaften gegen den Willen der Eigent\u00fcmerschaften m\u00f6glichst zu vermeiden, weiterhin wichtig. Deshalb werde zun\u00e4chst das Gespr\u00e4ch mit den betroffenen Grundeigent\u00fcmerschaften gesucht.<\/p>","protected":false},"excerpt":{"rendered":"<p>F\u00fcr eine neue Fuss- und Velobr\u00fccke zwischen Breitenrain und dem Viererfeld in Bern m\u00fcssen m\u00f6glicherweise H\u00e4user r\u00fcckgebaut werden.<\/p>","protected":false},"author":23,"featured_media":0,"comment_status":"closed","ping_status":"closed","sticky":false,"template":"","format":"standard","meta":{"_acf_changed":false,"footnotes":""},"categories":[5],"tags":[25],"class_list":["post-166","post","type-post","status-publish","format-standard","hentry","category-ib","tag-be"],"acf":[],"_links":{"self":[{"href":"https:\/\/develop.immobilienbusiness.ch\/fr\/wp-json\/wp\/v2\/posts\/166","targetHints":{"allow":["GET"]}}],"collection":[{"href":"https:\/\/develop.immobilienbusiness.ch\/fr\/wp-json\/wp\/v2\/posts"}],"about":[{"href":"https:\/\/develop.immobilienbusiness.ch\/fr\/wp-json\/wp\/v2\/types\/post"}],"author":[{"embeddable":true,"href":"https:\/\/develop.immobilienbusiness.ch\/fr\/wp-json\/wp\/v2\/users\/23"}],"replies":[{"embeddable":true,"href":"https:\/\/develop.immobilienbusiness.ch\/fr\/wp-json\/wp\/v2\/comments?post=166"}],"version-history":[{"count":0,"href":"https:\/\/develop.immobilienbusiness.ch\/fr\/wp-json\/wp\/v2\/posts\/166\/revisions"}],"wp:attachment":[{"href":"https:\/\/develop.immobilienbusiness.ch\/fr\/wp-json\/wp\/v2\/media?parent=166"}],"wp:term":[{"taxonomy":"category","embeddable":true,"href":"https:\/\/develop.immobilienbusiness.ch\/fr\/wp-json\/wp\/v2\/categories?post=166"},{"taxonomy":"post_tag","embeddable":true,"href":"https:\/\/develop.immobilienbusiness.ch\/fr\/wp-json\/wp\/v2\/tags?post=166"}],"curies":[{"name":"wp","href":"https:\/\/api.w.org\/{rel}","templated":true}]}}