{"id":1622,"date":"2021-04-09T10:29:17","date_gmt":"2021-04-09T08:29:17","guid":{"rendered":"https:\/\/develop.immobilienbusiness.ch\/de\/allgemein\/2021-04-09\/kanton-bern-keine-fernverkehrshalte-in-leissigen-und-darligen\/"},"modified":"2021-04-09T10:29:17","modified_gmt":"2021-04-09T08:29:17","slug":"kanton-bern-keine-fernverkehrshalte-in-leissigen-und-darligen","status":"publish","type":"post","link":"https:\/\/develop.immobilienbusiness.ch\/fr\/ib\/2021-04-09\/kanton-bern-keine-fernverkehrshalte-in-leissigen-und-darligen\/","title":{"rendered":"Kanton Bern: Keine Fernverkehrshalte in Leissigen und D\u00e4rligen"},"content":{"rendered":"<p><span><span>Abkl\u00e4rungen bei der BLS, den SBB und beim zust\u00e4ndigen Bundesamt f\u00fcr Verkehr (BAV) h\u00e4tten ergeben, dass der Bund die Errichtung der f\u00fcr die gew\u00fcnschten Halte erforderlichen Perrons ablehnt, teilt der Kanton Bern mit. Das BAV mache geltend, dass die Perrons f\u00fcr Fernverkehrsz\u00fcge heute zu kurz seien, die Kosten f\u00fcr eine Verl\u00e4ngerung aber angesichts des geringen Nutzens zu hoch w\u00e4ren. <\/span><\/span><\/p>\n<p><span><span>Zudem k\u00f6nnte aus fahrplantechnischen Gr\u00fcnden nur je ein Zug in Richtung Bern am Morgen und ein Zug in Richtung Interlaken am Wochenende halten. Auch die Projektierung eines Perrons in Leissigen f\u00fcr k\u00fcnftige Halte von Regionalz\u00fcgen habe das BAV abgelehnt.<\/span><\/span><\/p>","protected":false},"excerpt":{"rendered":"<p><span><span><span>In Leissigen und D\u00e4rligen werden auch in Randzeiten keine Fernverkehrsz\u00fcge halten. F\u00fcr die Halte w\u00e4ren neue Perrons n\u00f6tig, deren Bau der Bund jedoch ablehnt.<\/span><\/span><\/span><\/p>","protected":false},"author":23,"featured_media":0,"comment_status":"closed","ping_status":"closed","sticky":false,"template":"","format":"standard","meta":{"_acf_changed":false,"footnotes":""},"categories":[5],"tags":[25,62],"class_list":["post-1622","post","type-post","status-publish","format-standard","hentry","category-ib","tag-be","tag-infrastruktur"],"acf":[],"_links":{"self":[{"href":"https:\/\/develop.immobilienbusiness.ch\/fr\/wp-json\/wp\/v2\/posts\/1622","targetHints":{"allow":["GET"]}}],"collection":[{"href":"https:\/\/develop.immobilienbusiness.ch\/fr\/wp-json\/wp\/v2\/posts"}],"about":[{"href":"https:\/\/develop.immobilienbusiness.ch\/fr\/wp-json\/wp\/v2\/types\/post"}],"author":[{"embeddable":true,"href":"https:\/\/develop.immobilienbusiness.ch\/fr\/wp-json\/wp\/v2\/users\/23"}],"replies":[{"embeddable":true,"href":"https:\/\/develop.immobilienbusiness.ch\/fr\/wp-json\/wp\/v2\/comments?post=1622"}],"version-history":[{"count":0,"href":"https:\/\/develop.immobilienbusiness.ch\/fr\/wp-json\/wp\/v2\/posts\/1622\/revisions"}],"wp:attachment":[{"href":"https:\/\/develop.immobilienbusiness.ch\/fr\/wp-json\/wp\/v2\/media?parent=1622"}],"wp:term":[{"taxonomy":"category","embeddable":true,"href":"https:\/\/develop.immobilienbusiness.ch\/fr\/wp-json\/wp\/v2\/categories?post=1622"},{"taxonomy":"post_tag","embeddable":true,"href":"https:\/\/develop.immobilienbusiness.ch\/fr\/wp-json\/wp\/v2\/tags?post=1622"}],"curies":[{"name":"wp","href":"https:\/\/api.w.org\/{rel}","templated":true}]}}