{"id":1558,"date":"2021-03-26T08:39:35","date_gmt":"2021-03-26T07:39:35","guid":{"rendered":"https:\/\/develop.immobilienbusiness.ch\/de\/allgemein\/2021-03-26\/oftringen-fortimo-plant-wohnuberbauung-in-kungoldingen\/"},"modified":"2021-03-26T08:39:35","modified_gmt":"2021-03-26T07:39:35","slug":"oftringen-fortimo-plant-wohnuberbauung-in-kungoldingen","status":"publish","type":"post","link":"https:\/\/develop.immobilienbusiness.ch\/fr\/ib\/2021-03-26\/oftringen-fortimo-plant-wohnuberbauung-in-kungoldingen\/","title":{"rendered":"Oftringen: Fortimo plant Wohn\u00fcberbauung in K\u00fcngoldingen"},"content":{"rendered":"<p><span><span><span>Das Projekt K\u00fcngoldpark.ch wird nach Angaben von Fortimo 30 Eigentumswohnungen und 71 Mietwohnungen (2,5 bis 5,5 Zimmern) in vier Geb\u00e4uden umfassen. Das Bauprojekt befinde sich in der Bewilligungsphase, teilt das Unternehmen mit. <\/span><\/span><\/span><\/p>\n<p><span><span><span>Die Bauten sollen sich um einen Zentrumsplatz mit Pavillon gruppieren, zudem ist ein Ankunftsplatz vorgesehen. Jede Wohneinheit werde durch eine umlaufende, gefaltete Balkonschicht einen grossz\u00fcgigen Aussenbereich erhalten, so Fortimo weiter. Das Projekt wird im Minergie Plus Standard realisiert.<\/span><\/span><\/span><\/p>","protected":false},"excerpt":{"rendered":"<p><span><span><span>In der zur Gemeinde Oftringen (AG) z\u00e4hlenden Ortschaft K\u00fcngoldingen will Fortimo eine \u00dcberbauung mit vier Mehrfamilienh\u00e4usern erstellen. <\/span><\/span><\/span><\/p>","protected":false},"author":23,"featured_media":0,"comment_status":"closed","ping_status":"closed","sticky":false,"template":"","format":"standard","meta":{"_acf_changed":false,"footnotes":""},"categories":[5],"tags":[6,11,4,14],"class_list":["post-1558","post","type-post","status-publish","format-standard","hentry","category-ib","tag-ag","tag-in-planung","tag-mehrfamilienhaus-miete","tag-mfh-stockwerkeigentum"],"acf":[],"_links":{"self":[{"href":"https:\/\/develop.immobilienbusiness.ch\/fr\/wp-json\/wp\/v2\/posts\/1558","targetHints":{"allow":["GET"]}}],"collection":[{"href":"https:\/\/develop.immobilienbusiness.ch\/fr\/wp-json\/wp\/v2\/posts"}],"about":[{"href":"https:\/\/develop.immobilienbusiness.ch\/fr\/wp-json\/wp\/v2\/types\/post"}],"author":[{"embeddable":true,"href":"https:\/\/develop.immobilienbusiness.ch\/fr\/wp-json\/wp\/v2\/users\/23"}],"replies":[{"embeddable":true,"href":"https:\/\/develop.immobilienbusiness.ch\/fr\/wp-json\/wp\/v2\/comments?post=1558"}],"version-history":[{"count":0,"href":"https:\/\/develop.immobilienbusiness.ch\/fr\/wp-json\/wp\/v2\/posts\/1558\/revisions"}],"wp:attachment":[{"href":"https:\/\/develop.immobilienbusiness.ch\/fr\/wp-json\/wp\/v2\/media?parent=1558"}],"wp:term":[{"taxonomy":"category","embeddable":true,"href":"https:\/\/develop.immobilienbusiness.ch\/fr\/wp-json\/wp\/v2\/categories?post=1558"},{"taxonomy":"post_tag","embeddable":true,"href":"https:\/\/develop.immobilienbusiness.ch\/fr\/wp-json\/wp\/v2\/tags?post=1558"}],"curies":[{"name":"wp","href":"https:\/\/api.w.org\/{rel}","templated":true}]}}