{"id":1487,"date":"2021-03-12T09:35:12","date_gmt":"2021-03-12T08:35:12","guid":{"rendered":"https:\/\/develop.immobilienbusiness.ch\/de\/allgemein\/2021-03-12\/bern-amthaus-soll-saniert-werden\/"},"modified":"2021-03-12T09:35:12","modified_gmt":"2021-03-12T08:35:12","slug":"bern-amthaus-soll-saniert-werden","status":"publish","type":"post","link":"https:\/\/develop.immobilienbusiness.ch\/fr\/ib\/2021-03-12\/bern-amthaus-soll-saniert-werden\/","title":{"rendered":"Bern: Amthaus soll saniert werden"},"content":{"rendered":"<p><span><span><span>Die baulichen Instandsetzungsarbeiten, die u.a. die Sanierung der Geb\u00e4udeh\u00fclle und der Haustechnik umfassen, sollen rund 26 Millionen CHF kosten; den Kreditantrag hierf\u00fcr hat der Berner Regierungsrat im Herbst 2020 bereits beschlossen. <\/span><\/span><\/span><\/p>\n<p><span><span><span>Wegen der tiefgreifenden baulichen Massnahmen ist geplant, den Justizbetrieb w\u00e4hrend der Sanierung vollst\u00e4ndig in den Geb\u00e4udekomplex an der Kasernenstrasse 19-21 auszulagern. Mit den nun konkret vorliegenden Kosten f\u00fcr die tempor\u00e4re Auslagerung des Amthausbetriebs erh\u00f6he sich der Gesamtkredit auf insgesamt rund 34\u00a0Millionen, teilt der Regierungsrat mit. Der Grosse Rat wird voraussichtlich in der Junisession 2021 \u00fcber die Vorlage entscheiden.<\/span><\/span><\/span><\/p>","protected":false},"excerpt":{"rendered":"<p><span><span><span>Das Amthaus in der Altstadt von Bern soll instandgesetzt werden. Dazu muss der Justizbetrieb tempor\u00e4r ausgelagert werden.<\/span><\/span><\/span><\/p>","protected":false},"author":23,"featured_media":0,"comment_status":"closed","ping_status":"closed","sticky":false,"template":"","format":"standard","meta":{"_acf_changed":false,"footnotes":""},"categories":[5],"tags":[25,7,11],"class_list":["post-1487","post","type-post","status-publish","format-standard","hentry","category-ib","tag-be","tag-buro","tag-in-planung"],"acf":[],"_links":{"self":[{"href":"https:\/\/develop.immobilienbusiness.ch\/fr\/wp-json\/wp\/v2\/posts\/1487","targetHints":{"allow":["GET"]}}],"collection":[{"href":"https:\/\/develop.immobilienbusiness.ch\/fr\/wp-json\/wp\/v2\/posts"}],"about":[{"href":"https:\/\/develop.immobilienbusiness.ch\/fr\/wp-json\/wp\/v2\/types\/post"}],"author":[{"embeddable":true,"href":"https:\/\/develop.immobilienbusiness.ch\/fr\/wp-json\/wp\/v2\/users\/23"}],"replies":[{"embeddable":true,"href":"https:\/\/develop.immobilienbusiness.ch\/fr\/wp-json\/wp\/v2\/comments?post=1487"}],"version-history":[{"count":0,"href":"https:\/\/develop.immobilienbusiness.ch\/fr\/wp-json\/wp\/v2\/posts\/1487\/revisions"}],"wp:attachment":[{"href":"https:\/\/develop.immobilienbusiness.ch\/fr\/wp-json\/wp\/v2\/media?parent=1487"}],"wp:term":[{"taxonomy":"category","embeddable":true,"href":"https:\/\/develop.immobilienbusiness.ch\/fr\/wp-json\/wp\/v2\/categories?post=1487"},{"taxonomy":"post_tag","embeddable":true,"href":"https:\/\/develop.immobilienbusiness.ch\/fr\/wp-json\/wp\/v2\/tags?post=1487"}],"curies":[{"name":"wp","href":"https:\/\/api.w.org\/{rel}","templated":true}]}}