{"id":1461,"date":"2021-03-09T11:06:09","date_gmt":"2021-03-09T10:06:09","guid":{"rendered":"https:\/\/develop.immobilienbusiness.ch\/de\/allgemein\/2021-03-09\/biel-nidau-stadtrate-beraten-agglolac\/"},"modified":"2021-03-09T11:06:09","modified_gmt":"2021-03-09T10:06:09","slug":"biel-nidau-stadtrate-beraten-agglolac","status":"publish","type":"post","link":"https:\/\/develop.immobilienbusiness.ch\/fr\/ib\/2021-03-09\/biel-nidau-stadtrate-beraten-agglolac\/","title":{"rendered":"Biel\/Nidau: Stadtr\u00e4te beraten Agglolac"},"content":{"rendered":"<p><span><span><span><span>Seit \u00fcber zehn Jahren arbeiten die St\u00e4dte Biel und Nidau an der Entwicklung des ehemaligen <\/span>Expo-Gel\u00e4ndes. Auf dem Areal zwischen der Bielerseebucht und dem Schloss Nidau soll unter dem Namen Agglolac ein Quartier mit rund 120.000 qm Bruttogeschossfl\u00e4che entstehen. Am Seeufer ist im derzeit gr\u00f6sstenteils brachliegenden Teil des Areals ein \u00f6ffentlicher Park geplant. Dahinter sind verschiedene Geb\u00e4ude f\u00fcr insgesamt 1.500 Bewohner vorgesehen, darunter ein Hochhaus mit 48 Metern H\u00f6he. Das Investitionsvolumen liegt bei 500 Millionen CHF. <\/span><\/span><\/span><\/p>\n<p><span><span><span><span>Die St\u00e4dte Nidau und Biel hatten schon im Jahr 2013 im Auftrag ihrer Parlamente mit der Mobimo AG die Projektgesellschaft Agglolac gegr\u00fcndet.<\/span> <span>Im \u00abVertrag betreffend das Projekt Agglolac\u00bb haben die drei Partner im vergangenen Fr\u00fchjahr das weitere Vorgehen geregelt. Der Vertrag tritt in Kraft, falls zun\u00e4chst die Stadtr\u00e4te und dann auch die Stimmberechtigten von Nidau und Biel das Projekt genehmigen, teilt die Stadt Nidau mit. <\/span><\/span><\/span><\/span><\/p>\n<p><span><span><span><span>Vorgesehen ist, dass die beiden St\u00e4dte ihr Grundeigentum im Agglolac-Perimeter unentgeltlich dem noch zu gr\u00fcndenden Gemeindeverband Seeufer Nidau-Biel\/Bienne \u00fcbertragen. Der Gemeindeverband soll der Mobimo AG auf einer Grundst\u00fcckfl\u00e4che von 35&#8217;160\u00a0qm Baurechte einr\u00e4umen und ihr weitere 18.319\u00a0qm verkaufen. Den erwarteten Erl\u00f6s von 89,4 Millionen CHF soll der Verband u.a. f\u00fcr den Bau der \u00f6ffentlichen Anlagen und Infrastrukturen sowie deren langfristigen Unterhalt einsetzen.<\/span><\/span><\/span><\/span><\/p>\n<p><span><span><span><span>Die Volksabstimmung h\u00e4tte bereits vor einem Jahr stattfinden sollen,<a href=\"https:\/\/db.immobilienbusiness.ch\/de\/2020-08-21\/bielnidau-corona-verzoegert-agglolac-abstimmungen\"> musste durch die Corona-Pandemie allerdings verschoben werden.<\/a> Die Stadtr\u00e4te beraten das Projekt nun am 17. und 18. M\u00e4rz (Biel) respektive am 18. M\u00e4rz (Nidau). Die Debatten werden per Live-Streaming auf den Webseiten der beiden St\u00e4dte \u00fcbertragen. Auf der Website der Projektgesellschaft Agglolac sind zudem Videopr\u00e4sentationen verf\u00fcgbar. <\/span><\/span><\/span><\/span><\/p>\n<h2><span><span><span><span>Gegner haben sich l\u00e4ngst organisiert<\/span><\/span><\/span><\/span><\/h2>\n<p><span><span><span><a href=\"https:\/\/db.immobilienbusiness.ch\/de\/2017-06-14\/bielnidau-widerstand-gegen-grossprojekt-agglolac\"><span>Gegen das Projekt haben sich l\u00e4ngst Gegner gefunden und sich als <\/span>Verein Stopp Agglolac organisiert.<\/a> <span>Sie nennen das <\/span>Projekt auf dem ehemaligen Expo-Gel\u00e4nde \u00abv\u00f6llig \u00fcberrissen<span>\u00bb<\/span> und fordern seit Jahren eine \u00dcberarbeitung der Pl\u00e4ne. Sie kritisieren die vorgesehene dichte Bebauung des Areals inklusive eines 70 Meter hohen Hochhauses, die finanziellen Risiken f\u00fcr die Gemeinden, die einseitig zugunsten des Investors abgeschlossenen Vertr\u00e4ge und die Exklusivit\u00e4t der geplanten Wohnungen. <a href=\"https:\/\/www.bielertagblatt.ch\/nachrichten\/biel\/agglolac-planung-wird-ergaenzt\">Nach einem Bericht des <em>Bieler Tageblatts<\/em> <\/a>haben sich in Biel nun auch linke Politiker unter dem Namen \u00abProfitquartier nein\u00bb gegen das Projekt formiert. <\/span><\/span><\/span><\/p>\n<p><span><span><span>Mobimo-Managerin Claudia Siegle nimmt es gelassen und begr\u00fcsste <a href=\"\/\/www.blick.ch\/wirtschaft\/immobilien-managerin-claudia-siegle-40-hat-sich-in-einer-maennerdomaene-durchgesetzt-diese-frau-zieht-milliarden-projekte-in-die-hoehe-id16300818.html\">gegen\u00fcber dem <\/a><em><a href=\"\/\/www.blick.ch\/wirtschaft\/immobilien-managerin-claudia-siegle-40-hat-sich-in-einer-maennerdomaene-durchgesetzt-diese-frau-zieht-milliarden-projekte-in-die-hoehe-id16300818.html\">Blick<\/a> <\/em>den \u00f6ffentlichen Diskurs. \u00abEs ist ein in sich stimmiges Projekt!\u00bb. Es sei nicht in erster Linie ein \u00dcberbauungsprojekt, sondern man wolle einen Stadtteil realisieren, in dem es viel Gr\u00fcnraum geben werde. \u00abDer Hochbau steht dabei im Hintergrund.\u00bb <\/span><\/span><\/span><\/p>","protected":false},"excerpt":{"rendered":"<p><span><span><span><span>Die Stadtr\u00e4te von Nidau und Biel (BE) werden am 17. und 18. M\u00e4rz das umstrittene Projekt Agglolac beraten. Falls die Politiker dem Vorhaben zustimmen, tritt der bereits geschlossene Vertrag zur Umsetzung des Vorhabens in Kraft. Das letzte Wort aber hat das Volk.<\/span><\/span><\/span><\/span><\/p>","protected":false},"author":26,"featured_media":0,"comment_status":"closed","ping_status":"closed","sticky":false,"template":"","format":"standard","meta":{"_acf_changed":false,"footnotes":""},"categories":[5],"tags":[25,11,4,14],"class_list":["post-1461","post","type-post","status-publish","format-standard","hentry","category-ib","tag-be","tag-in-planung","tag-mehrfamilienhaus-miete","tag-mfh-stockwerkeigentum"],"acf":[],"_links":{"self":[{"href":"https:\/\/develop.immobilienbusiness.ch\/fr\/wp-json\/wp\/v2\/posts\/1461","targetHints":{"allow":["GET"]}}],"collection":[{"href":"https:\/\/develop.immobilienbusiness.ch\/fr\/wp-json\/wp\/v2\/posts"}],"about":[{"href":"https:\/\/develop.immobilienbusiness.ch\/fr\/wp-json\/wp\/v2\/types\/post"}],"author":[{"embeddable":true,"href":"https:\/\/develop.immobilienbusiness.ch\/fr\/wp-json\/wp\/v2\/users\/26"}],"replies":[{"embeddable":true,"href":"https:\/\/develop.immobilienbusiness.ch\/fr\/wp-json\/wp\/v2\/comments?post=1461"}],"version-history":[{"count":0,"href":"https:\/\/develop.immobilienbusiness.ch\/fr\/wp-json\/wp\/v2\/posts\/1461\/revisions"}],"wp:attachment":[{"href":"https:\/\/develop.immobilienbusiness.ch\/fr\/wp-json\/wp\/v2\/media?parent=1461"}],"wp:term":[{"taxonomy":"category","embeddable":true,"href":"https:\/\/develop.immobilienbusiness.ch\/fr\/wp-json\/wp\/v2\/categories?post=1461"},{"taxonomy":"post_tag","embeddable":true,"href":"https:\/\/develop.immobilienbusiness.ch\/fr\/wp-json\/wp\/v2\/tags?post=1461"}],"curies":[{"name":"wp","href":"https:\/\/api.w.org\/{rel}","templated":true}]}}