{"id":1408,"date":"2021-03-03T08:14:31","date_gmt":"2021-03-03T07:14:31","guid":{"rendered":"https:\/\/develop.immobilienbusiness.ch\/de\/allgemein\/2021-03-03\/immofonds-lukas-camenzind-verlasst-den-vr\/"},"modified":"2021-03-03T08:14:31","modified_gmt":"2021-03-03T07:14:31","slug":"immofonds-lukas-camenzind-verlasst-den-vr","status":"publish","type":"post","link":"https:\/\/develop.immobilienbusiness.ch\/fr\/ib\/2021-03-03\/immofonds-lukas-camenzind-verlasst-den-vr\/","title":{"rendered":"Immofonds: Lukas Camenzind verl\u00e4sst den VR"},"content":{"rendered":"<p><span><span><span>Lukas Camenzind ist an der Generalversammlung vom 26. November 2020 in den Verwaltungsrat (VR) der Immofonds Asset Management AG gew\u00e4hlt worden. Er folgte auf Nicole A. Reinhard Stahel, die nach sieben Jahren im VR nicht mehr zur Wiederwahl angetreten ist.<span><span><span> Nun ist Camenzind\u00a0<\/span><\/span><\/span>zum 3. M\u00e4rz wieder ausgetreten, teilt Immofonds mit, ohne weitere Details zu nennen.<\/span><\/span><\/span><\/p>\n<p><span><span><span><span><span><span>Camenzind war zuletzt <\/span><\/span><\/span>Mitglied der Gesch\u00e4ftsleitung und Leiter des Bereichs Privat- und Firmenkunden <span><span><span>bei <\/span><\/span><\/span>der Schwyzer Kantonalbank (SZKB). Im Februar 2021 hatte die Bank mitgeteilt, dass Camenzind die SZKB auf eigenen Wunsch verlassen werde, um als selbstst\u00e4ndiger Berater im Bereich Ver\u00e4nderungsmanagement t\u00e4tig zu werden.<\/span><\/span><\/span><\/p>","protected":false},"excerpt":{"rendered":"<p><span><span><span>Lukas Camenzind ist aus dem Verwaltungsrat der Immofonds Asset Management AG, der Fondsleitung des Immofonds, zur\u00fcckgetreten. Er war erst im vergangenen November in das Gremium gew\u00e4hlt worden. <\/span><\/span><\/span><\/p>","protected":false},"author":23,"featured_media":0,"comment_status":"closed","ping_status":"closed","sticky":false,"template":"","format":"standard","meta":{"_acf_changed":false,"footnotes":""},"categories":[5],"tags":[35,74],"class_list":["post-1408","post","type-post","status-publish","format-standard","hentry","category-ib","tag-immobilienfonds","tag-personalia"],"acf":[],"_links":{"self":[{"href":"https:\/\/develop.immobilienbusiness.ch\/fr\/wp-json\/wp\/v2\/posts\/1408","targetHints":{"allow":["GET"]}}],"collection":[{"href":"https:\/\/develop.immobilienbusiness.ch\/fr\/wp-json\/wp\/v2\/posts"}],"about":[{"href":"https:\/\/develop.immobilienbusiness.ch\/fr\/wp-json\/wp\/v2\/types\/post"}],"author":[{"embeddable":true,"href":"https:\/\/develop.immobilienbusiness.ch\/fr\/wp-json\/wp\/v2\/users\/23"}],"replies":[{"embeddable":true,"href":"https:\/\/develop.immobilienbusiness.ch\/fr\/wp-json\/wp\/v2\/comments?post=1408"}],"version-history":[{"count":0,"href":"https:\/\/develop.immobilienbusiness.ch\/fr\/wp-json\/wp\/v2\/posts\/1408\/revisions"}],"wp:attachment":[{"href":"https:\/\/develop.immobilienbusiness.ch\/fr\/wp-json\/wp\/v2\/media?parent=1408"}],"wp:term":[{"taxonomy":"category","embeddable":true,"href":"https:\/\/develop.immobilienbusiness.ch\/fr\/wp-json\/wp\/v2\/categories?post=1408"},{"taxonomy":"post_tag","embeddable":true,"href":"https:\/\/develop.immobilienbusiness.ch\/fr\/wp-json\/wp\/v2\/tags?post=1408"}],"curies":[{"name":"wp","href":"https:\/\/api.w.org\/{rel}","templated":true}]}}