{"id":137,"date":"2020-04-14T16:17:22","date_gmt":"2020-04-14T14:17:22","guid":{"rendered":"https:\/\/develop.immobilienbusiness.ch\/de\/allgemein\/2020-04-14\/neue-sber-trading-swiss-ag-mit-hauptsitz-in-zug\/"},"modified":"2020-04-14T16:17:22","modified_gmt":"2020-04-14T14:17:22","slug":"neue-sber-trading-swiss-ag-mit-hauptsitz-in-zug","status":"publish","type":"post","link":"https:\/\/develop.immobilienbusiness.ch\/fr\/ib\/2020-04-14\/neue-sber-trading-swiss-ag-mit-hauptsitz-in-zug\/","title":{"rendered":"Neue Sber Trading Swiss AG mit Hauptsitz in Zug"},"content":{"rendered":"<p>Die Sber Trading Swiss AG hat eine rund 266 qm grosse B\u00fcrofl\u00e4che an der Alpenstrasse 9 in Zug angemietet. Die Immobilie liegt direkt am Bahnhof und ist nur wenige Schritte von der Seepromenade entfernt. Die Sber Trading Swiss AG, eine im Februar 2020 gegr\u00fcndete und im Rohstoffhandel t\u00e4tige Tochtergesellschaft der international t\u00e4tigen Sberbank, beauftragte die SPG Intercity Zurich AG mit der Suche nach einem Standort in Zug. Der Immobiliendienstleister konnte eine geeignete Fl\u00e4che im Rohbau vermitteln, \u00fcbernahm die Mietvertragsverhandlungen und vermittelte einen Architekten, der die R\u00e4umlichkeiten nach Kundenwunsch ausbaute. Wie SPG Intercity mitteilt, ben\u00f6tigte der Prozess vom Projekt-Kick-off bis zur Schl\u00fcssel\u00fcbergabe nur vier Monate. <em>(bw)<\/em><\/p>","protected":false},"excerpt":{"rendered":"<p>Die Sber Trading Swiss AG, eine neugegr\u00fcndete Tochter der Sberbank, hat im Zuger Zentrum B\u00fcrofl\u00e4chen f\u00fcr ihren Hauptsitz gemietet.<\/p>","protected":false},"author":24,"featured_media":0,"comment_status":"closed","ping_status":"closed","sticky":false,"template":"","format":"standard","meta":{"_acf_changed":false,"footnotes":""},"categories":[5],"tags":[7,20],"class_list":["post-137","post","type-post","status-publish","format-standard","hentry","category-ib","tag-buro","tag-zg"],"acf":[],"_links":{"self":[{"href":"https:\/\/develop.immobilienbusiness.ch\/fr\/wp-json\/wp\/v2\/posts\/137","targetHints":{"allow":["GET"]}}],"collection":[{"href":"https:\/\/develop.immobilienbusiness.ch\/fr\/wp-json\/wp\/v2\/posts"}],"about":[{"href":"https:\/\/develop.immobilienbusiness.ch\/fr\/wp-json\/wp\/v2\/types\/post"}],"author":[{"embeddable":true,"href":"https:\/\/develop.immobilienbusiness.ch\/fr\/wp-json\/wp\/v2\/users\/24"}],"replies":[{"embeddable":true,"href":"https:\/\/develop.immobilienbusiness.ch\/fr\/wp-json\/wp\/v2\/comments?post=137"}],"version-history":[{"count":0,"href":"https:\/\/develop.immobilienbusiness.ch\/fr\/wp-json\/wp\/v2\/posts\/137\/revisions"}],"wp:attachment":[{"href":"https:\/\/develop.immobilienbusiness.ch\/fr\/wp-json\/wp\/v2\/media?parent=137"}],"wp:term":[{"taxonomy":"category","embeddable":true,"href":"https:\/\/develop.immobilienbusiness.ch\/fr\/wp-json\/wp\/v2\/categories?post=137"},{"taxonomy":"post_tag","embeddable":true,"href":"https:\/\/develop.immobilienbusiness.ch\/fr\/wp-json\/wp\/v2\/tags?post=137"}],"curies":[{"name":"wp","href":"https:\/\/api.w.org\/{rel}","templated":true}]}}