{"id":1362,"date":"2021-02-25T09:31:27","date_gmt":"2021-02-25T08:31:27","guid":{"rendered":"https:\/\/develop.immobilienbusiness.ch\/de\/allgemein\/2021-02-25\/bern-gemeinderat-stellt-weichen-fur-campus-neubau\/"},"modified":"2021-02-25T09:31:27","modified_gmt":"2021-02-25T08:31:27","slug":"bern-gemeinderat-stellt-weichen-fur-campus-neubau","status":"publish","type":"post","link":"https:\/\/develop.immobilienbusiness.ch\/fr\/ib\/2021-02-25\/bern-gemeinderat-stellt-weichen-fur-campus-neubau\/","title":{"rendered":"Bern: Gemeinderat stellt Weichen f\u00fcr Campus-Neubau"},"content":{"rendered":"<p><span><span><span>Das Gebiet Weyermannshaus-Ost im Entwicklungsschwerpunkt Ausserholligen wird sich in den kommenden Jahren stark wandeln. So will der Kanton Bern im geplanten Campus verschiedene Departemente und Standorte der Berner Fachhochschule (BFH) konzentrieren. Mehrere Tausend Menschen &#8211; Studierende, Dozenten, Angestellte und Besucher &#8211; werden das Areal k\u00fcnftig beleben. <\/span><\/span><\/span><\/p>\n<p><span><span><span>Im Umfeld des Campus plant die Stadt Bern verschiedene Investitionen in den \u00f6ffentlichen Raum, von denen ganz Ausserholligen profitieren soll. <\/span><\/span><\/span><\/p>\n<p><span><span><span>Die neue \u00dcberbauungsordnung sieht u.a. vor, dass der Aussenraum des Campus-Areals als attraktiver Naherholungsraum gestaltet wird und der gesamten Bev\u00f6lkerung zur Verf\u00fcgung stehen soll. Gefordert seien eine hohe Aufenthaltsqualit\u00e4t und grosse Biodiversit\u00e4t, was u.a. durch die \u00d6ffnung und naturnahe Gestaltung des Stadtbachs und das Pflanzen neuer B\u00e4ume erreicht werden soll.<\/span><\/span><\/span><\/p>\n<p><span><span><span>Weiter soll unter dem Autobahnviadukt ein attraktiver \u00f6ffentlicher Raum entstehen, der als durchgehende Nord-S\u00fcd-Verbindung f\u00fcr den Fuss- und Veloverkehr dienen soll und mit tempor\u00e4ren Aktivit\u00e4ten belebt werden k\u00f6nne. Auf dem Campus-Areal selber ist ein Boulevard f\u00fcr den Fuss- und Veloverkehr geplant. Eine neue Passerelle \u00fcber die Bahngeleise soll die Unterf\u00fchrung an der Steigerhubelstrasse ersetzen. Weiter macht \u00dcberbauungsordnung Vorgaben zur Anzahl Abstellpl\u00e4tze f\u00fcr Motorfahrzeuge und Velos sowie zur maximalen Fahrtenanzahl.<\/span><\/span><\/span><\/p>","protected":false},"excerpt":{"rendered":"<p><span><span><span>Im Gebiet Weyermannshaus Ost sollen der Neubau des Campus Bern der Berner Fachhochschule und verschiedene Infrastrukturprojekte realisiert werden. Die entsprechende \u00dcberbauungsordnung hat der Gemeinderat nun zur \u00f6ffentlichen Mitwirkung verabschiedet. <\/span><\/span><\/span><\/p>","protected":false},"author":23,"featured_media":0,"comment_status":"closed","ping_status":"closed","sticky":false,"template":"","format":"standard","meta":{"_acf_changed":false,"footnotes":""},"categories":[5],"tags":[25,11,62,77],"class_list":["post-1362","post","type-post","status-publish","format-standard","hentry","category-ib","tag-be","tag-in-planung","tag-infrastruktur","tag-raumordnung-zonenplanung"],"acf":[],"_links":{"self":[{"href":"https:\/\/develop.immobilienbusiness.ch\/fr\/wp-json\/wp\/v2\/posts\/1362","targetHints":{"allow":["GET"]}}],"collection":[{"href":"https:\/\/develop.immobilienbusiness.ch\/fr\/wp-json\/wp\/v2\/posts"}],"about":[{"href":"https:\/\/develop.immobilienbusiness.ch\/fr\/wp-json\/wp\/v2\/types\/post"}],"author":[{"embeddable":true,"href":"https:\/\/develop.immobilienbusiness.ch\/fr\/wp-json\/wp\/v2\/users\/23"}],"replies":[{"embeddable":true,"href":"https:\/\/develop.immobilienbusiness.ch\/fr\/wp-json\/wp\/v2\/comments?post=1362"}],"version-history":[{"count":0,"href":"https:\/\/develop.immobilienbusiness.ch\/fr\/wp-json\/wp\/v2\/posts\/1362\/revisions"}],"wp:attachment":[{"href":"https:\/\/develop.immobilienbusiness.ch\/fr\/wp-json\/wp\/v2\/media?parent=1362"}],"wp:term":[{"taxonomy":"category","embeddable":true,"href":"https:\/\/develop.immobilienbusiness.ch\/fr\/wp-json\/wp\/v2\/categories?post=1362"},{"taxonomy":"post_tag","embeddable":true,"href":"https:\/\/develop.immobilienbusiness.ch\/fr\/wp-json\/wp\/v2\/tags?post=1362"}],"curies":[{"name":"wp","href":"https:\/\/api.w.org\/{rel}","templated":true}]}}