{"id":1330,"date":"2021-02-22T08:51:22","date_gmt":"2021-02-22T07:51:22","guid":{"rendered":"https:\/\/develop.immobilienbusiness.ch\/de\/allgemein\/2021-02-22\/admicasa-erweitert-die-geschaftsleitung\/"},"modified":"2021-02-22T08:51:22","modified_gmt":"2021-02-22T07:51:22","slug":"admicasa-erweitert-die-geschaftsleitung","status":"publish","type":"post","link":"https:\/\/develop.immobilienbusiness.ch\/fr\/ib\/2021-02-22\/admicasa-erweitert-die-geschaftsleitung\/","title":{"rendered":"Admicasa erweitert die Gesch\u00e4ftsleitung"},"content":{"rendered":"<p><span><span><span>Der Verwaltungsrat der Admicasa Holding AG hat den Baumanagement-Fachmann Markus von Gunten in die Gesch\u00e4ftsleitung gew\u00e4hlt. Von Gunten ist mit einer Beteiligung von rund 33% einer der Ankeraktion\u00e4re der Gesellschaft.<\/span><\/span><\/span><\/p>\n<p><span><span><span>Beat Langenbach, Delegierter des Verwaltungsrats, sieht in der Erweiterung der Gesch\u00e4ftsleitung wichtige Vorteile: \u00abF\u00fcr eine weiterhin positive Gesch\u00e4ftsentwicklung ist es \u00e4usserst wertvoll, einen so erfahrenen Fachmann wie Markus von Gunten auch in die Gesch\u00e4ftsleitung einbinden zu k\u00f6nnen\u00bb, sagt er.<\/span><\/span><\/span><\/p>\n<p><span><span><span>Die Admicasa Holding AG mit Sitz in Frauenfeld (TG) ist insbesondere in der Deutschschweiz mit den konsolidierten Tochtergesellschaften Admicasa Verwaltung, Admicasa Management, Admicasa Totalunternehmung, Etzel Immobilien und von Gunten Baumanagement t\u00e4tig. <\/span><\/span><\/span><\/p>","protected":false},"excerpt":{"rendered":"<p><span><span><span>Die Admicasa Holding AG verst\u00e4rkt ihre Gesch\u00e4ftsleitung mit Markus von Gunten. Er nimmt seine T\u00e4tigkeit per 1. M\u00e4rz 2021 auf. <\/span><\/span><\/span><\/p>","protected":false},"author":23,"featured_media":0,"comment_status":"closed","ping_status":"closed","sticky":false,"template":"","format":"standard","meta":{"_acf_changed":false,"footnotes":""},"categories":[5],"tags":[74],"class_list":["post-1330","post","type-post","status-publish","format-standard","hentry","category-ib","tag-personalia"],"acf":[],"_links":{"self":[{"href":"https:\/\/develop.immobilienbusiness.ch\/fr\/wp-json\/wp\/v2\/posts\/1330","targetHints":{"allow":["GET"]}}],"collection":[{"href":"https:\/\/develop.immobilienbusiness.ch\/fr\/wp-json\/wp\/v2\/posts"}],"about":[{"href":"https:\/\/develop.immobilienbusiness.ch\/fr\/wp-json\/wp\/v2\/types\/post"}],"author":[{"embeddable":true,"href":"https:\/\/develop.immobilienbusiness.ch\/fr\/wp-json\/wp\/v2\/users\/23"}],"replies":[{"embeddable":true,"href":"https:\/\/develop.immobilienbusiness.ch\/fr\/wp-json\/wp\/v2\/comments?post=1330"}],"version-history":[{"count":0,"href":"https:\/\/develop.immobilienbusiness.ch\/fr\/wp-json\/wp\/v2\/posts\/1330\/revisions"}],"wp:attachment":[{"href":"https:\/\/develop.immobilienbusiness.ch\/fr\/wp-json\/wp\/v2\/media?parent=1330"}],"wp:term":[{"taxonomy":"category","embeddable":true,"href":"https:\/\/develop.immobilienbusiness.ch\/fr\/wp-json\/wp\/v2\/categories?post=1330"},{"taxonomy":"post_tag","embeddable":true,"href":"https:\/\/develop.immobilienbusiness.ch\/fr\/wp-json\/wp\/v2\/tags?post=1330"}],"curies":[{"name":"wp","href":"https:\/\/api.w.org\/{rel}","templated":true}]}}