{"id":1295,"date":"2021-02-15T09:06:44","date_gmt":"2021-02-15T08:06:44","guid":{"rendered":"https:\/\/develop.immobilienbusiness.ch\/de\/allgemein\/2021-02-15\/fg-wohninvest-zukauf-in-leipzig\/"},"modified":"2021-02-15T09:06:44","modified_gmt":"2021-02-15T08:06:44","slug":"fg-wohninvest-zukauf-in-leipzig","status":"publish","type":"post","link":"https:\/\/develop.immobilienbusiness.ch\/fr\/ib\/2021-02-15\/fg-wohninvest-zukauf-in-leipzig\/","title":{"rendered":"FG Wohninvest: Zukauf in Leipzig"},"content":{"rendered":"<p><span><span><span>Das Wohnprojekt Becker\u00b3 liegt im Westen von Leipzig. Der Projektentwickler AOC Immobilien AG wird die dreiteilige Wohnanlage mit insgesamt 100 Wohneinheiten auf einer vermietbaren Fl\u00e4che von circa 7.700 qm sowie 53 Tiefgaragen- und sechs Aussenstellpl\u00e4tze ab dem ersten Quartal 2021 erstellen. Die Fertigstellung wird voraussichtlich im vierten Quartal 2022 erfolgen. Das Quartier wird den Angaben zufolge schl\u00fcsselfertig und mit hochwertigen Einbauk\u00fcchen ausgestattet \u00fcbergeben.<\/span><\/span><\/span><\/p>\n<p><span><span><span>Der Immobilienfonds FG Wohninvest Deutschland der Fundamenta Group Deutschland hat das Projekt im Rahmen eines Forward Deals gekauft. \u00abMit dem Projekt Becker\u00b3 im Herzen des aufstrebenden Stadtteils Neulindenau wird auf den noch immer enormen Bedarf an modernen Wohnfl\u00e4chen in Ostdeutschlands gr\u00f6sster Stadt reagiert\u00bb, sagt Christian Paul, Vorstandsvorsitzender der Fundamenta Group Deutschland.<\/span><\/span><\/span><\/p>\n<p><span><span><span>Zum Kaufpreis machten die Parteien keine Angaben.<\/span><\/span><\/span><\/p>","protected":false},"excerpt":{"rendered":"<p><span><span><span>Die Deutschland-Tochter der Fundamenta Group hat f\u00fcr den Fonds FG Wohninvest ein Wohnprojekt in Leipzig erworben. Der Bau soll noch im ersten Quartal beginnen.<\/span><\/span><\/span><\/p>","protected":false},"author":23,"featured_media":0,"comment_status":"closed","ping_status":"closed","sticky":false,"template":"","format":"standard","meta":{"_acf_changed":false,"footnotes":""},"categories":[5],"tags":[35],"class_list":["post-1295","post","type-post","status-publish","format-standard","hentry","category-ib","tag-immobilienfonds"],"acf":[],"_links":{"self":[{"href":"https:\/\/develop.immobilienbusiness.ch\/fr\/wp-json\/wp\/v2\/posts\/1295","targetHints":{"allow":["GET"]}}],"collection":[{"href":"https:\/\/develop.immobilienbusiness.ch\/fr\/wp-json\/wp\/v2\/posts"}],"about":[{"href":"https:\/\/develop.immobilienbusiness.ch\/fr\/wp-json\/wp\/v2\/types\/post"}],"author":[{"embeddable":true,"href":"https:\/\/develop.immobilienbusiness.ch\/fr\/wp-json\/wp\/v2\/users\/23"}],"replies":[{"embeddable":true,"href":"https:\/\/develop.immobilienbusiness.ch\/fr\/wp-json\/wp\/v2\/comments?post=1295"}],"version-history":[{"count":0,"href":"https:\/\/develop.immobilienbusiness.ch\/fr\/wp-json\/wp\/v2\/posts\/1295\/revisions"}],"wp:attachment":[{"href":"https:\/\/develop.immobilienbusiness.ch\/fr\/wp-json\/wp\/v2\/media?parent=1295"}],"wp:term":[{"taxonomy":"category","embeddable":true,"href":"https:\/\/develop.immobilienbusiness.ch\/fr\/wp-json\/wp\/v2\/categories?post=1295"},{"taxonomy":"post_tag","embeddable":true,"href":"https:\/\/develop.immobilienbusiness.ch\/fr\/wp-json\/wp\/v2\/tags?post=1295"}],"curies":[{"name":"wp","href":"https:\/\/api.w.org\/{rel}","templated":true}]}}