{"id":1283,"date":"2021-02-12T09:21:33","date_gmt":"2021-02-12T08:21:33","guid":{"rendered":"https:\/\/develop.immobilienbusiness.ch\/de\/allgemein\/2021-02-12\/bern-entwicklung-der-feuerwehrkaserne-viktoria-nimmt-nachsten-schritt\/"},"modified":"2021-02-12T09:21:33","modified_gmt":"2021-02-12T08:21:33","slug":"bern-entwicklung-der-feuerwehrkaserne-viktoria-nimmt-nachsten-schritt","status":"publish","type":"post","link":"https:\/\/develop.immobilienbusiness.ch\/fr\/ib\/2021-02-12\/bern-entwicklung-der-feuerwehrkaserne-viktoria-nimmt-nachsten-schritt\/","title":{"rendered":"Bern: Entwicklung der Feuerwehrkaserne Viktoria nimmt n\u00e4chsten Schritt"},"content":{"rendered":"<p><span><span><span>Die Baurechtsnehmerin Equimo AG, die zur Stiftung Edith Maryon geh\u00f6rt, und die Genossenschaft Feuerwehr Viktoria wollen die heute zwischen- und umgenutzte ehemalige Feuerwehrkaserne an der Viktoriastrasse 70 baulich weiterentwickeln. Derzeit sind auf den insgesamt 4.100 qm u.a. das Restaurant L\u00f6scher, eine Quartierwerkstatt, Coworking-R\u00e4ume und eine Plattform mit Bewegungskursen angesiedelt.<\/span><\/span><\/span><\/p>\n<p><span><span><span>Geplant ist u.a., den bestehenden Saalbau an der Gotthelfstrasse zu ersetzen oder umzubauen. Im \u00f6ffentlich genutzten Innenhof ist ein Neubau mit Dienstleistungs- oder Gewerbenutzungen im Erdgeschoss vorgesehen. Auch die Tagesschule, die bereits heute auf dem Kasernenareal eingemietet ist, soll in die Zukunftsplanung integriert werden.<\/span><\/span><\/span><\/p>\n<p><span><span><span>Da die heute g\u00fcltige Zone mit Planungspflicht (ZPP) bei Neu- und Ersatzbauten nur Wohnnutzung und keine Dienstleistungs- oder Gewerbenutzung zul\u00e4sst, passt der Gemeinderat die Vorschriften zur ZPP geringf\u00fcgig an. So werden nichtst\u00f6renden Arbeitsnutzungen im Erdgeschoss zul\u00e4ssig. Das maximale Nutzungsmass werde dabei nicht erh\u00f6ht, neu aber als oberirdische Geschossfl\u00e4che (GFo) und nicht mehr als Bruttogeschossfl\u00e4che (BGF) ausgewiesen, so der Berner Gemeinderat. Die \u00c4nderung der Zone mit Planungspflicht (ZPP) Viktoriastrasse 70\/70a (Feuerwehrkaserne) liegt noch bis am 15. M\u00e4rz 2021 \u00f6ffentlich auf.<\/span><\/span><\/span><\/p>","protected":false},"excerpt":{"rendered":"<p><span><span><span>Die schon seit l\u00e4ngerem geplante Entwicklung der alten Feuerwehrkaserne Viktoria in Bern kommt voran. Der Gemeinderat hat die planungsrechtlichen Voraussetzungen geschaffen.<\/span><\/span><\/span><\/p>","protected":false},"author":23,"featured_media":0,"comment_status":"closed","ping_status":"closed","sticky":false,"template":"","format":"standard","meta":{"_acf_changed":false,"footnotes":""},"categories":[5],"tags":[25,7,11,16],"class_list":["post-1283","post","type-post","status-publish","format-standard","hentry","category-ib","tag-be","tag-buro","tag-in-planung","tag-retail"],"acf":[],"_links":{"self":[{"href":"https:\/\/develop.immobilienbusiness.ch\/fr\/wp-json\/wp\/v2\/posts\/1283","targetHints":{"allow":["GET"]}}],"collection":[{"href":"https:\/\/develop.immobilienbusiness.ch\/fr\/wp-json\/wp\/v2\/posts"}],"about":[{"href":"https:\/\/develop.immobilienbusiness.ch\/fr\/wp-json\/wp\/v2\/types\/post"}],"author":[{"embeddable":true,"href":"https:\/\/develop.immobilienbusiness.ch\/fr\/wp-json\/wp\/v2\/users\/23"}],"replies":[{"embeddable":true,"href":"https:\/\/develop.immobilienbusiness.ch\/fr\/wp-json\/wp\/v2\/comments?post=1283"}],"version-history":[{"count":0,"href":"https:\/\/develop.immobilienbusiness.ch\/fr\/wp-json\/wp\/v2\/posts\/1283\/revisions"}],"wp:attachment":[{"href":"https:\/\/develop.immobilienbusiness.ch\/fr\/wp-json\/wp\/v2\/media?parent=1283"}],"wp:term":[{"taxonomy":"category","embeddable":true,"href":"https:\/\/develop.immobilienbusiness.ch\/fr\/wp-json\/wp\/v2\/categories?post=1283"},{"taxonomy":"post_tag","embeddable":true,"href":"https:\/\/develop.immobilienbusiness.ch\/fr\/wp-json\/wp\/v2\/tags?post=1283"}],"curies":[{"name":"wp","href":"https:\/\/api.w.org\/{rel}","templated":true}]}}