{"id":1242,"date":"2021-02-04T09:18:13","date_gmt":"2021-02-04T08:18:13","guid":{"rendered":"https:\/\/develop.immobilienbusiness.ch\/de\/allgemein\/2021-02-04\/sf-urban-beurkundet-projekte-in-zurich-und-riehen\/"},"modified":"2021-02-04T09:18:13","modified_gmt":"2021-02-04T08:18:13","slug":"sf-urban-beurkundet-projekte-in-zurich-und-riehen","status":"publish","type":"post","link":"https:\/\/develop.immobilienbusiness.ch\/fr\/ib\/2021-02-04\/sf-urban-beurkundet-projekte-in-zurich-und-riehen\/","title":{"rendered":"SF Urban beurkundet Projekte in Z\u00fcrich und Riehen"},"content":{"rendered":"<p><span><span><span>Wie die SF Urban Properties AG mitteilt, sind per Ende Januar 2021 alle 13 Stockwerkeigentumseinheiten des Promotionsprojektes \u00abKluspark\u00bb im Z\u00fcrcher Kreis 7 und alle zehn Einheiten der Einfamilienhaus-\u00dcberbauung \u00abSandreutergarten\u00bb in Riehen beurkundet gewesen.<\/span><\/span><\/span><\/p>\n<p><span><span><span>Beim Projekt \u00abKluspark\u00bb sind zwei Einheiten bereits im Jahr 2020 beurkundet worden, die restlichen elf Wohnungen folgten im Januar 2021. Beim Projekt \u00abSandreutergarten\u00bb in Riehen wurden neun von zehn Einheiten in der Berichtsperiode 2020 beurkundet, die letzte Einheit im Januar 2021. <\/span><\/span><\/span><\/p>\n<p><span><span><span>Die beiden Projekte sind Eigenentwicklungen der SF Urban Properties. Nach Anbindung der Grundst\u00fccke sind sie gemeinsam mit den Architekten \u2013 Inizia in Z\u00fcrich und Otto Partner in Riehen &#8211; der Baureife zugef\u00fchrt worden. Der Baustart beider Projekte ist ausgel\u00f6st, die Fertigstellung wird f\u00fcr Mitte 2022 erwartet. Die Immobiliengesellschaft rechnet f\u00fcr die Jahre 2021 und 2022 mit einem positiven Gewinnbeitrag. <\/span><\/span><\/span><\/p>","protected":false},"excerpt":{"rendered":"<p><span><span><span>SF Urban Properties hat bis Ende Januar alle Einheiten der Promotionsprojekte \u00abKluspark\u00bb in Z\u00fcrich und \u00abSandreutergarten\u00bb in Riehen (BS) vermarktet und beurkundet.<\/span><\/span><\/span><\/p>","protected":false},"author":23,"featured_media":0,"comment_status":"closed","ping_status":"closed","sticky":false,"template":"","format":"standard","meta":{"_acf_changed":false,"footnotes":""},"categories":[5],"tags":[2,36,19,14,42],"class_list":["post-1242","post","type-post","status-publish","format-standard","hentry","category-ib","tag-bs","tag-immobilien-ag","tag-in-bau","tag-mfh-stockwerkeigentum","tag-zh"],"acf":[],"_links":{"self":[{"href":"https:\/\/develop.immobilienbusiness.ch\/fr\/wp-json\/wp\/v2\/posts\/1242","targetHints":{"allow":["GET"]}}],"collection":[{"href":"https:\/\/develop.immobilienbusiness.ch\/fr\/wp-json\/wp\/v2\/posts"}],"about":[{"href":"https:\/\/develop.immobilienbusiness.ch\/fr\/wp-json\/wp\/v2\/types\/post"}],"author":[{"embeddable":true,"href":"https:\/\/develop.immobilienbusiness.ch\/fr\/wp-json\/wp\/v2\/users\/23"}],"replies":[{"embeddable":true,"href":"https:\/\/develop.immobilienbusiness.ch\/fr\/wp-json\/wp\/v2\/comments?post=1242"}],"version-history":[{"count":0,"href":"https:\/\/develop.immobilienbusiness.ch\/fr\/wp-json\/wp\/v2\/posts\/1242\/revisions"}],"wp:attachment":[{"href":"https:\/\/develop.immobilienbusiness.ch\/fr\/wp-json\/wp\/v2\/media?parent=1242"}],"wp:term":[{"taxonomy":"category","embeddable":true,"href":"https:\/\/develop.immobilienbusiness.ch\/fr\/wp-json\/wp\/v2\/categories?post=1242"},{"taxonomy":"post_tag","embeddable":true,"href":"https:\/\/develop.immobilienbusiness.ch\/fr\/wp-json\/wp\/v2\/tags?post=1242"}],"curies":[{"name":"wp","href":"https:\/\/api.w.org\/{rel}","templated":true}]}}