{"id":121,"date":"2020-02-15T13:19:42","date_gmt":"2020-02-15T12:19:42","guid":{"rendered":"https:\/\/develop.immobilienbusiness.ch\/de\/allgemein\/2020-02-15\/littau-bahnhof-littau-soll-zum-quartierzentrum-werden\/"},"modified":"2020-02-15T13:19:42","modified_gmt":"2020-02-15T12:19:42","slug":"littau-bahnhof-littau-soll-zum-quartierzentrum-werden","status":"publish","type":"post","link":"https:\/\/develop.immobilienbusiness.ch\/fr\/ib\/2020-02-15\/littau-bahnhof-littau-soll-zum-quartierzentrum-werden\/","title":{"rendered":"Littau: Bahnhof Littau soll zum Quartierzentrum werden"},"content":{"rendered":"<p>In einem ersten Schritt ist nach Angaben der Stadt Luzern ein neuer Bushof beim Bahnhof Littau geplant. Dadurch sollen Littau Dorf und den Littauerboden besser mit dem \u00f6ffentlichen Verkehr erschlossen werden. Geplant sind den Angaben zufolge drei neue behindertengerechte Bushaltekanten. Dazu m\u00fcssen die Park+ Ride-Parkpl\u00e4tze sowie der alte G\u00fcterschuppen verlegt bzw. abgerissen werden. Zugleich will die SBB das Bahnperron erneuern und ebenfalls behindertengerecht ausgestalten.<\/p>\n<p>Ausserdem will man die Parkierungsanlagen f\u00fcr die Autos optimieren, 50 bis 60 Veloabstellpl\u00e4tze sowie einen attraktiven Aufenthaltsraum schaffen. Dadurch und mit einer verbesserten Quartierversorgung \u2013 etwa durch einen Lebensmittelladen, Gastronomie und Gesundheitsversorgung \u2013 k\u00f6nne ein Mehrwert f\u00fcr das Quartier geschaffen werden.<\/p>\n<p>F\u00fcr die Umsetzung des Bushofs ist die Stadt Luzern zust\u00e4ndig. Sie geht von Planungs- und Realisierungskosten in H\u00f6he von insgesamt 4,3 Millionen CHF aus, die voraussichtlich zum grossen Teil von Bund und Kanton getragen werden. 2024 soll der neue Bushof er\u00f6ffnet werden.<\/p>","protected":false},"excerpt":{"rendered":"<p>Der Bahnhof Littau (LU) soll als Quartierzentrum f\u00fcr den Littauerboden entwickelt werden.<\/p>","protected":false},"author":23,"featured_media":0,"comment_status":"closed","ping_status":"closed","sticky":false,"template":"","format":"standard","meta":{"_acf_changed":false,"footnotes":""},"categories":[5],"tags":[11,10],"class_list":["post-121","post","type-post","status-publish","format-standard","hentry","category-ib","tag-in-planung","tag-lu"],"acf":[],"_links":{"self":[{"href":"https:\/\/develop.immobilienbusiness.ch\/fr\/wp-json\/wp\/v2\/posts\/121","targetHints":{"allow":["GET"]}}],"collection":[{"href":"https:\/\/develop.immobilienbusiness.ch\/fr\/wp-json\/wp\/v2\/posts"}],"about":[{"href":"https:\/\/develop.immobilienbusiness.ch\/fr\/wp-json\/wp\/v2\/types\/post"}],"author":[{"embeddable":true,"href":"https:\/\/develop.immobilienbusiness.ch\/fr\/wp-json\/wp\/v2\/users\/23"}],"replies":[{"embeddable":true,"href":"https:\/\/develop.immobilienbusiness.ch\/fr\/wp-json\/wp\/v2\/comments?post=121"}],"version-history":[{"count":0,"href":"https:\/\/develop.immobilienbusiness.ch\/fr\/wp-json\/wp\/v2\/posts\/121\/revisions"}],"wp:attachment":[{"href":"https:\/\/develop.immobilienbusiness.ch\/fr\/wp-json\/wp\/v2\/media?parent=121"}],"wp:term":[{"taxonomy":"category","embeddable":true,"href":"https:\/\/develop.immobilienbusiness.ch\/fr\/wp-json\/wp\/v2\/categories?post=121"},{"taxonomy":"post_tag","embeddable":true,"href":"https:\/\/develop.immobilienbusiness.ch\/fr\/wp-json\/wp\/v2\/tags?post=121"}],"curies":[{"name":"wp","href":"https:\/\/api.w.org\/{rel}","templated":true}]}}