{"id":1205,"date":"2021-01-25T09:28:36","date_gmt":"2021-01-25T08:28:36","guid":{"rendered":"https:\/\/develop.immobilienbusiness.ch\/de\/allgemein\/2021-01-25\/luzern-pop-up-parks-auf-strassen-und-parkplatzen\/"},"modified":"2021-01-25T09:28:36","modified_gmt":"2021-01-25T08:28:36","slug":"luzern-pop-up-parks-auf-strassen-und-parkplatzen","status":"publish","type":"post","link":"https:\/\/develop.immobilienbusiness.ch\/fr\/ib\/2021-01-25\/luzern-pop-up-parks-auf-strassen-und-parkplatzen\/","title":{"rendered":"Luzern: Pop-up-Parks auf Strassen und Parkpl\u00e4tzen"},"content":{"rendered":"<p><span><span><span>Der Stadtrat von Luzern will Quartierzentren als Begegnungsorte st\u00e4rken und Strassenr\u00e4ume attraktiver machen; dieses Ziel ist im Raumentwicklungskonzept und in der Stadtraumstrategie festgehalten. Ein Mittel dazu sollen Pop-up-Parks sein. Die Stadt hat drei Typen von Pop-up-Parks definiert: Parkpl\u00e4tze, die f\u00fcr maximal acht Wochen umgestaltet werden, ein leeres Grundst\u00fcck oder einen Platz, die aufgewertet werden k\u00f6nnen, oder einen Strassenabschnitt, der tempor\u00e4r gesperrt und belebt wird. <\/span><\/span><\/span><\/p>\n<p><span><span><span>Wie die erste Projektphase im Herbst 2020 gezeigt habe, seien die Pop-up-Parks in der Bev\u00f6lkerung auf grosses Interesse gestossen. Viele kreative Gestaltungsideen h\u00e4tten zu einer vielf\u00e4ltigen Nutzung der Pop-up-Parks gef\u00fchrt und das Projekt sei auch \u00fcberregional und in der Fachwelt wahrgenommen worden. <\/span><\/span><\/span><\/p>\n<p><span><span><span>2021 will der Stadtrat nun sechs Pop-up-Parks auf Parkpl\u00e4tzen erm\u00f6glichen. Neu ist, dass sie zwei Monate genutzt werden k\u00f6nnen, entweder in den Monaten Juni und Juli oder im August und September. <\/span><\/span><\/span><\/p>\n<p><span><span><span>Zudem will der Stadtrat in diesem Jahr auch Erfahrungen mit Pop-up-Parks auf Strassen sammeln. Dazu soll der Abschnitt der Waldst\u00e4tterstrasse vor der Migros f\u00fcr den Autoverkehr gesperrt und tempor\u00e4r umgestaltet werden. Die Waldst\u00e4tterstrasse soll allerdings auch langfristig autofrei bleiben. 2022 und 2023 wird ein Konzept f\u00fcr die definitive Gestaltung der Strasse erarbeitet, das 2024 umgesetzt werden soll. <\/span><\/span><\/span><\/p>","protected":false},"excerpt":{"rendered":"<p><span><span><span>In Luzern soll es 2021 wie schon im Vorjahr Pop-up-Parks geben. Dazu d\u00fcrfen Parkpl\u00e4tze und auch ein Abschnitt der Waldst\u00e4tterstrasse tempor\u00e4r umgenutzt werden.<\/span><\/span><\/span><\/p>","protected":false},"author":23,"featured_media":0,"comment_status":"closed","ping_status":"closed","sticky":false,"template":"","format":"standard","meta":{"_acf_changed":false,"footnotes":""},"categories":[5],"tags":[10,77,16],"class_list":["post-1205","post","type-post","status-publish","format-standard","hentry","category-ib","tag-lu","tag-raumordnung-zonenplanung","tag-retail"],"acf":[],"_links":{"self":[{"href":"https:\/\/develop.immobilienbusiness.ch\/fr\/wp-json\/wp\/v2\/posts\/1205","targetHints":{"allow":["GET"]}}],"collection":[{"href":"https:\/\/develop.immobilienbusiness.ch\/fr\/wp-json\/wp\/v2\/posts"}],"about":[{"href":"https:\/\/develop.immobilienbusiness.ch\/fr\/wp-json\/wp\/v2\/types\/post"}],"author":[{"embeddable":true,"href":"https:\/\/develop.immobilienbusiness.ch\/fr\/wp-json\/wp\/v2\/users\/23"}],"replies":[{"embeddable":true,"href":"https:\/\/develop.immobilienbusiness.ch\/fr\/wp-json\/wp\/v2\/comments?post=1205"}],"version-history":[{"count":0,"href":"https:\/\/develop.immobilienbusiness.ch\/fr\/wp-json\/wp\/v2\/posts\/1205\/revisions"}],"wp:attachment":[{"href":"https:\/\/develop.immobilienbusiness.ch\/fr\/wp-json\/wp\/v2\/media?parent=1205"}],"wp:term":[{"taxonomy":"category","embeddable":true,"href":"https:\/\/develop.immobilienbusiness.ch\/fr\/wp-json\/wp\/v2\/categories?post=1205"},{"taxonomy":"post_tag","embeddable":true,"href":"https:\/\/develop.immobilienbusiness.ch\/fr\/wp-json\/wp\/v2\/tags?post=1205"}],"curies":[{"name":"wp","href":"https:\/\/api.w.org\/{rel}","templated":true}]}}