{"id":1183,"date":"2021-01-20T09:46:51","date_gmt":"2021-01-20T08:46:51","guid":{"rendered":"https:\/\/develop.immobilienbusiness.ch\/de\/allgemein\/2021-01-20\/novavest-daniel-menard-soll-vr-mitglied-werden\/"},"modified":"2021-01-20T09:46:51","modified_gmt":"2021-01-20T08:46:51","slug":"novavest-daniel-menard-soll-vr-mitglied-werden","status":"publish","type":"post","link":"https:\/\/develop.immobilienbusiness.ch\/fr\/ib\/2021-01-20\/novavest-daniel-menard-soll-vr-mitglied-werden\/","title":{"rendered":"Novavest: Daniel M\u00e9nard soll VR-Mitglied werden"},"content":{"rendered":"<p><span><span><span>Der Architekt Daniel M\u00e9nard (Schweizer, Jahrgang 1962) hat 2008 die M\u00e9pp AG in Z\u00fcrich gegr\u00fcndet und ist Partner und Verwaltungsratspr\u00e4sident des Architekturunternehmens. M\u00e9pp plant Wohnungs- und Industriebauten sowie B\u00fcroh\u00e4user und befasst sich mit Umbauten sowie der Erhaltung und Erneuerung denkmalgesch\u00fctzter Bauwerke. <\/span><\/span><\/span><\/p>\n<p><span><span><span>Von 1993 bis 2008 war M\u00e9nard Partner und Verwaltungsratspr\u00e4sident der Werkhof AG, Z\u00fcrich, und in den Jahren 2000 bis 2005 war er zudem als Dozent f\u00fcr Bauorganisation und von 2009 bis 2016 als Dozent f\u00fcr Immobilien\u00f6konomie an der ETH Z\u00fcrich t\u00e4tig. <\/span><\/span><\/span><\/p>\n<p><span><span><span>Der Verwaltungsrat der Novavest Real Estate AG schl\u00e4gt der am 24. M\u00e4rz 2021 stattfindenden ordentlichen Generalversammlung die Zuwahl von M\u00e9nard als nicht-exekutiven und unabh\u00e4ngigen Verwaltungsrat vor.<\/span><\/span><\/span><\/p>\n<p><span><span><span>Verwaltungsratspr\u00e4sident Gian Reto Lazzarini bezeichnet M\u00e9nard aufgrund seiner grossen Architektur- und Immobilienerfahrung als eine \u00aboptimale Erg\u00e4nzung des bestehenden Verwaltungsrats\u00bb.<\/span><\/span><\/span><\/p>","protected":false},"excerpt":{"rendered":"<p><span><span><span>Novavest Real Estate nominiert Daniel M\u00e9nard, Gr\u00fcnder und Partner des Architekturb\u00fcros M\u00e9pp, zur Wahl in den Verwaltungsrat.<\/span><\/span><\/span><\/p>","protected":false},"author":23,"featured_media":0,"comment_status":"closed","ping_status":"closed","sticky":false,"template":"","format":"standard","meta":{"_acf_changed":false,"footnotes":""},"categories":[5],"tags":[36,74],"class_list":["post-1183","post","type-post","status-publish","format-standard","hentry","category-ib","tag-immobilien-ag","tag-personalia"],"acf":[],"_links":{"self":[{"href":"https:\/\/develop.immobilienbusiness.ch\/fr\/wp-json\/wp\/v2\/posts\/1183","targetHints":{"allow":["GET"]}}],"collection":[{"href":"https:\/\/develop.immobilienbusiness.ch\/fr\/wp-json\/wp\/v2\/posts"}],"about":[{"href":"https:\/\/develop.immobilienbusiness.ch\/fr\/wp-json\/wp\/v2\/types\/post"}],"author":[{"embeddable":true,"href":"https:\/\/develop.immobilienbusiness.ch\/fr\/wp-json\/wp\/v2\/users\/23"}],"replies":[{"embeddable":true,"href":"https:\/\/develop.immobilienbusiness.ch\/fr\/wp-json\/wp\/v2\/comments?post=1183"}],"version-history":[{"count":0,"href":"https:\/\/develop.immobilienbusiness.ch\/fr\/wp-json\/wp\/v2\/posts\/1183\/revisions"}],"wp:attachment":[{"href":"https:\/\/develop.immobilienbusiness.ch\/fr\/wp-json\/wp\/v2\/media?parent=1183"}],"wp:term":[{"taxonomy":"category","embeddable":true,"href":"https:\/\/develop.immobilienbusiness.ch\/fr\/wp-json\/wp\/v2\/categories?post=1183"},{"taxonomy":"post_tag","embeddable":true,"href":"https:\/\/develop.immobilienbusiness.ch\/fr\/wp-json\/wp\/v2\/tags?post=1183"}],"curies":[{"name":"wp","href":"https:\/\/api.w.org\/{rel}","templated":true}]}}