{"id":1110,"date":"2020-12-29T10:49:03","date_gmt":"2020-12-29T09:49:03","guid":{"rendered":"https:\/\/develop.immobilienbusiness.ch\/de\/allgemein\/2020-12-29\/langenthal-grunes-licht-fur-uberbauung-pappelhofe\/"},"modified":"2020-12-29T10:49:03","modified_gmt":"2020-12-29T09:49:03","slug":"langenthal-grunes-licht-fur-uberbauung-pappelhofe","status":"publish","type":"post","link":"https:\/\/develop.immobilienbusiness.ch\/fr\/ib\/2020-12-29\/langenthal-grunes-licht-fur-uberbauung-pappelhofe\/","title":{"rendered":"Langenthal: Gr\u00fcnes Licht f\u00fcr \u00dcberbauung Pappelh\u00f6fe"},"content":{"rendered":"<p><span><span><span>Mit dem Projekt Pappelh\u00f6fe will die Wohnbaugesellschaft Langeten AG rund 70 Mietwohnungen plus 24 Mansarden am Pappelweg im Norden von Langenthal erstellen. Auf dem Areal befindet sich eine zwischen 1930 und 1949 erstellte Wohnkolonie des Architekten Hector Egger.<\/span><\/span><\/span><\/p>\n<p><span><span><span>Die denkmalpflegerisch besten Bauten der Siedlung sollen erhalten und mit Neubauten erweitert werden. Der Mix aus historischen Altbauten und modernen Bauk\u00f6rpern solle mit attraktiven Wohnh\u00f6fen, Spielstrassen, Vorg\u00e4rten und G\u00e4rten zu einer kleinen Gartenstadt werden, so die Wohnbaugesellschaft Langeten. Damit werde das Projekt auch dem Richtplan der Stadt gerecht, den Boden im Quartier haush\u00e4lterischer zu nutzen und die Bauten zu verdichten.<\/span><\/span><\/span><\/p>\n<p><span><span><span>Konkret ist geplant, die vier H\u00e4user Pappelweg 1 und 3 sowie Weststrasse 5 und 7 durch vier viergeschossige Neubauten zu ersetzen. In diesen Ersatzneubauten sind 2,5- bis 5-Zimmer-Wohnungen geplant. Unter den Geb\u00e4uden entsteht eine Einstellhalle mit 71 Autoabstell- und vier Motorradabstellpl\u00e4tzen. <\/span><\/span><\/span><\/p>\n<p><span><span><span>Die sechs H\u00e4user der Siedlung, die durch Schopfbauten zu drei Zweiergruppen zusammengefasst werden, bleiben erhalten und werden energetisch saniert. Es entstehen 24 Drei-Zimmer-Wohnungen im Bestand sowie 24 Dachzimmer\/Mansarden.<\/span><\/span><\/span><\/p>\n<p><span><span><span>Im Zuge der Bauarbeiten soll der zwischen den Baufeldern liegende Pappelweg als Quartierstrasse gestaltet werden. Mit Sitzgelegenheiten und einer Bepflanzung mit B\u00e4umem wolle man einen Raum zum Verweilen und Spielen schaffen, so die Wohnbaugesellschaft. An die heutigen halboffenen Vorpl\u00e4tze werden sich k\u00fcnftig zweigeschossige Holzzeilenbauten orientieren. Im s\u00fcdwestlichen Holzbau sind vier 52 qm grosse Atelierwohnungen und zwei 4,5-Zimmer-Wohnungen geplant, die sich jeweils \u00fcber zwei Geschosse erstrecken. In den anderen beiden Zeilenbauten sollen sich je vier 4,5-Zimmer-Wohnungen zum langen Hausk\u00f6rper zusammenf\u00fcgen. <\/span><\/span><\/span><\/p>\n<p><span><span><span>Der Stadtrat von Langenthal hat am 21. Dezember 2020 die \u00dcberbauungsordnung Pappelh\u00f6fe &#8211; bestehend aus dem \u00dcberbauungsplan mit Zonenplan\u00e4nderung, den \u00dcberbauungsvorschriften sowie dem Erl\u00e4uterungsbericht \u2013 unter Vorbehalt des fakultativen Referendums genehmigt.<\/span><\/span><\/span><\/p>","protected":false},"excerpt":{"rendered":"<p><span><span><span>Der Stadtrat von Langenthal (BE) hat den Weg frei gemacht f\u00fcr das Projekt Pappelh\u00f6fe. Die Wohnbaugesellschaft Langeten plant am Pappelweg eine neue Wohnsiedlung.<\/span><\/span><\/span><\/p>","protected":false},"author":23,"featured_media":0,"comment_status":"closed","ping_status":"closed","sticky":false,"template":"","format":"standard","meta":{"_acf_changed":false,"footnotes":""},"categories":[5],"tags":[25,11,4],"class_list":["post-1110","post","type-post","status-publish","format-standard","hentry","category-ib","tag-be","tag-in-planung","tag-mehrfamilienhaus-miete"],"acf":[],"_links":{"self":[{"href":"https:\/\/develop.immobilienbusiness.ch\/fr\/wp-json\/wp\/v2\/posts\/1110","targetHints":{"allow":["GET"]}}],"collection":[{"href":"https:\/\/develop.immobilienbusiness.ch\/fr\/wp-json\/wp\/v2\/posts"}],"about":[{"href":"https:\/\/develop.immobilienbusiness.ch\/fr\/wp-json\/wp\/v2\/types\/post"}],"author":[{"embeddable":true,"href":"https:\/\/develop.immobilienbusiness.ch\/fr\/wp-json\/wp\/v2\/users\/23"}],"replies":[{"embeddable":true,"href":"https:\/\/develop.immobilienbusiness.ch\/fr\/wp-json\/wp\/v2\/comments?post=1110"}],"version-history":[{"count":0,"href":"https:\/\/develop.immobilienbusiness.ch\/fr\/wp-json\/wp\/v2\/posts\/1110\/revisions"}],"wp:attachment":[{"href":"https:\/\/develop.immobilienbusiness.ch\/fr\/wp-json\/wp\/v2\/media?parent=1110"}],"wp:term":[{"taxonomy":"category","embeddable":true,"href":"https:\/\/develop.immobilienbusiness.ch\/fr\/wp-json\/wp\/v2\/categories?post=1110"},{"taxonomy":"post_tag","embeddable":true,"href":"https:\/\/develop.immobilienbusiness.ch\/fr\/wp-json\/wp\/v2\/tags?post=1110"}],"curies":[{"name":"wp","href":"https:\/\/api.w.org\/{rel}","templated":true}]}}