{"id":1054,"date":"2020-12-11T15:59:29","date_gmt":"2020-12-11T14:59:29","guid":{"rendered":"https:\/\/develop.immobilienbusiness.ch\/de\/allgemein\/2020-12-11\/zurich-migros-zurich-verkauft-das-zentrum-witikon\/"},"modified":"2020-12-11T15:59:29","modified_gmt":"2020-12-11T14:59:29","slug":"zurich-migros-zurich-verkauft-das-zentrum-witikon","status":"publish","type":"post","link":"https:\/\/develop.immobilienbusiness.ch\/fr\/ib\/2020-12-11\/zurich-migros-zurich-verkauft-das-zentrum-witikon\/","title":{"rendered":"Z\u00fcrich: Migros Z\u00fcrich verkauft das Zentrum Witikon"},"content":{"rendered":"<p><span><span>Die Genossenschaft Migros Z\u00fcrich verkauft das Zentrum Witikon an Swiss Life. Das Zentrum Witikon hatte die Migros Z\u00fcrich im Jahr 2012 erworben und 2017 einer Totalsanierung unterzogen. Der Verkaufsentscheid wurde im Rahmen einer regelm\u00e4ssigen \u00dcberpr\u00fcfung des Immobilienportfolios gef\u00e4llt. Der Verkauf des Zentrum Witikon setzt gem\u00e4ss Angaben der GMZ einen Schlusspunkt unter die \u00fcber mehrere Jahre erfolgte Bereinigung des Liegenschaftenportfolios. \u00dcber den Verkaufspreis haben die Parteien Stillschweigen vereinbart.<\/span><\/span><\/p>\n<p><span><span>Die Migros Z\u00fcrich ist \u00fcberzeugt, das Zentrum Witikon mit Swiss Life als neue Eigent\u00fcmerin in die richtigen H\u00e4nde zu geben, um es auch k\u00fcnftig als attraktiven Ort im Quartier zu verankern. Auch nach dem Besitzerwechsel werde Migros weiterhin als Mieterin im Zentrum pr\u00e4sent sein, teilt die GMZ mit. Dies sei vertraglich \u00fcber mehrere Jahrzehnte sichergestellt. Die Migros-Supermarkt-Filiale besteht seit der Zentrumser\u00f6ffnung 1970.<\/span><\/span><\/p>","protected":false},"excerpt":{"rendered":"<p><span><span>Die Genossenschaft Migros Z\u00fcrich (GMZ) verkauft das Zentrum Witikon an Swiss Life. \u00dcber den Verkaufspreis wurde Stillschweigen vereinbart. Die GMZ bleibt als Mieterin langfristig im Zentrum pr\u00e4sent.<\/span><\/span><\/p>\n<p>\u00a0\n<\/p>\n<p>\u00a0<\/p>","protected":false},"author":24,"featured_media":0,"comment_status":"closed","ping_status":"closed","sticky":false,"template":"","format":"standard","meta":{"_acf_changed":false,"footnotes":""},"categories":[5],"tags":[27,16,42],"class_list":["post-1054","post","type-post","status-publish","format-standard","hentry","category-ib","tag-einzel-objekt","tag-retail","tag-zh"],"acf":[],"_links":{"self":[{"href":"https:\/\/develop.immobilienbusiness.ch\/fr\/wp-json\/wp\/v2\/posts\/1054","targetHints":{"allow":["GET"]}}],"collection":[{"href":"https:\/\/develop.immobilienbusiness.ch\/fr\/wp-json\/wp\/v2\/posts"}],"about":[{"href":"https:\/\/develop.immobilienbusiness.ch\/fr\/wp-json\/wp\/v2\/types\/post"}],"author":[{"embeddable":true,"href":"https:\/\/develop.immobilienbusiness.ch\/fr\/wp-json\/wp\/v2\/users\/24"}],"replies":[{"embeddable":true,"href":"https:\/\/develop.immobilienbusiness.ch\/fr\/wp-json\/wp\/v2\/comments?post=1054"}],"version-history":[{"count":0,"href":"https:\/\/develop.immobilienbusiness.ch\/fr\/wp-json\/wp\/v2\/posts\/1054\/revisions"}],"wp:attachment":[{"href":"https:\/\/develop.immobilienbusiness.ch\/fr\/wp-json\/wp\/v2\/media?parent=1054"}],"wp:term":[{"taxonomy":"category","embeddable":true,"href":"https:\/\/develop.immobilienbusiness.ch\/fr\/wp-json\/wp\/v2\/categories?post=1054"},{"taxonomy":"post_tag","embeddable":true,"href":"https:\/\/develop.immobilienbusiness.ch\/fr\/wp-json\/wp\/v2\/tags?post=1054"}],"curies":[{"name":"wp","href":"https:\/\/api.w.org\/{rel}","templated":true}]}}