{"id":987,"date":"2020-12-04T09:00:40","date_gmt":"2020-12-04T08:00:40","guid":{"rendered":"https:\/\/develop.immobilienbusiness.ch\/de\/allgemein\/2020-12-04\/ebikon-neues-quartier-an-der-zentralstrasse\/"},"modified":"2020-12-04T09:00:40","modified_gmt":"2020-12-04T08:00:40","slug":"ebikon-neues-quartier-an-der-zentralstrasse","status":"publish","type":"post","link":"https:\/\/develop.immobilienbusiness.ch\/en\/ib\/2020-12-04\/ebikon-neues-quartier-an-der-zentralstrasse\/","title":{"rendered":"Ebikon: Neues Quartier an der Zentralstrasse"},"content":{"rendered":"<p><span><span><span>Die Moyreal Immobilien AG als Investorin will mit Utorem als Entwicklerin an der Zentralstrasse in Ebikon das Quartier Sagenmatt erstellen. Das 16.500 qm grosse Areal wurde zuletzt von einem Autohandel mit Werkstatt, Waschstrasse und Tankstelle genutzt. <\/span><\/span><\/span><\/p>\n<p><span><span><span>Geplant sind insgesamt 241 Wohnungen (174 Miet- und 67 Eigentumswohnungen) und ca. 1.200 qm Gewerbefl\u00e4chen. Der Wohnungsmix soll Familien, Alleinstehende und Senioren anziehen, um eine Durchmischung des neuen Quartiers sicherzustellen, so Moyreal. Zudem soll die Umgebung hochwertig gestaltet werden, vorgesehen sind unter anderem ein hoher Gr\u00fcnanteil und eine Renaturierung des M\u00fchlebachs. Auch Freizeitangebote f\u00fcr die Bewohner werde es geben. <\/span><\/span><\/span><\/p>\n<p><span><span><span>Die Abstimmung \u00fcber den Bebauungsplan fiel indes recht knapp aus. Nur 50,2% der Stimmberechtigten haben sich f\u00fcr die \u00dcberbauung ausgesprochen, teilt die Gemeinde Ebikon mit. Das neue Quartier werde nicht nur zuk\u00fcnftigen Bewohnern qualitativ hochwertige Aufenthalts- und Begegnungsorte bieten, sondern f\u00fcr ganz Ebikon ein positives Signal aussenden, sagt Hans Peter Bienz, Gemeinderat Planung &amp; Bau.<\/span><\/span><\/span><\/p>\n<p><span><span><span>Mit der Vermarktung der Eigentumswohnungen werde nun begonnen, teilt Utorem mit. Der Bau soll in rund einem Jahr beginnen, der Erstbezug ist f\u00fcr den Sommer 2024 geplant.<\/span><\/span><\/span><\/p>","protected":false},"excerpt":{"rendered":"<p><span><span><span>Die Bev\u00f6lkerung von Ebikon (LU) hat dem Bebauungsplan Sagenmatt zugestimmt. Damit kann Moyreal die geplante \u00dcberbauung realisieren.<\/span><\/span><\/span><\/p>","protected":false},"author":23,"featured_media":0,"comment_status":"closed","ping_status":"closed","sticky":false,"template":"","format":"standard","meta":{"_acf_changed":false,"footnotes":""},"categories":[5],"tags":[11,10,4,14],"class_list":["post-987","post","type-post","status-publish","format-standard","hentry","category-ib","tag-in-planung","tag-lu","tag-mehrfamilienhaus-miete","tag-mfh-stockwerkeigentum"],"acf":[],"_links":{"self":[{"href":"https:\/\/develop.immobilienbusiness.ch\/en\/wp-json\/wp\/v2\/posts\/987","targetHints":{"allow":["GET"]}}],"collection":[{"href":"https:\/\/develop.immobilienbusiness.ch\/en\/wp-json\/wp\/v2\/posts"}],"about":[{"href":"https:\/\/develop.immobilienbusiness.ch\/en\/wp-json\/wp\/v2\/types\/post"}],"author":[{"embeddable":true,"href":"https:\/\/develop.immobilienbusiness.ch\/en\/wp-json\/wp\/v2\/users\/23"}],"replies":[{"embeddable":true,"href":"https:\/\/develop.immobilienbusiness.ch\/en\/wp-json\/wp\/v2\/comments?post=987"}],"version-history":[{"count":0,"href":"https:\/\/develop.immobilienbusiness.ch\/en\/wp-json\/wp\/v2\/posts\/987\/revisions"}],"wp:attachment":[{"href":"https:\/\/develop.immobilienbusiness.ch\/en\/wp-json\/wp\/v2\/media?parent=987"}],"wp:term":[{"taxonomy":"category","embeddable":true,"href":"https:\/\/develop.immobilienbusiness.ch\/en\/wp-json\/wp\/v2\/categories?post=987"},{"taxonomy":"post_tag","embeddable":true,"href":"https:\/\/develop.immobilienbusiness.ch\/en\/wp-json\/wp\/v2\/tags?post=987"}],"curies":[{"name":"wp","href":"https:\/\/api.w.org\/{rel}","templated":true}]}}