{"id":970,"date":"2020-12-01T15:25:41","date_gmt":"2020-12-01T14:25:41","guid":{"rendered":"https:\/\/develop.immobilienbusiness.ch\/de\/allgemein\/2020-12-01\/sion-hso-fund-investiert-in-retail-liegenschaft\/"},"modified":"2020-12-01T15:25:41","modified_gmt":"2020-12-01T14:25:41","slug":"sion-hso-fund-investiert-in-retail-liegenschaft","status":"publish","type":"post","link":"https:\/\/develop.immobilienbusiness.ch\/en\/ib\/2020-12-01\/sion-hso-fund-investiert-in-retail-liegenschaft\/","title":{"rendered":"Sion: HSO Fund investiert in Retail-Liegenschaft"},"content":{"rendered":"<p>Wie Helvetica mitteilt, erwirbt der HSO Fund die Immobilie im Stockwerkeigentum per 1. Dezember 2020 r\u00fcckwirkend zum 1. Januar des Jahres. Die Zentrumliegenschaft mit rund 10.500 qm Mietfl\u00e4che sei mit einem zehnj\u00e4hrigen Mietvertrag vollst\u00e4ndig an ein \u00abrenommiertes Schweizer Traditionsunternehmen\u00bb vermietet.<\/p>\n<p>Die Schweizer Warenhausgruppe nutze das Geb\u00e4ude seit langem als Standort f\u00fcr den Verkauf von Lebensmitteln, als Warenhaus und f\u00fcr ein Restaurant. Zur Liegenschaft geh\u00f6rt auch ein Parkhaus mit 219 Parkpl\u00e4tzen, das ebenfalls vollst\u00e4ndig an die Warenhausgruppe vermietet ist.<\/p>\n<p>Mit dem Zukauf steigt der Portfoliowert des HSO Fund nach Angaben von Helvetica auf rund 108 Millionen, die j\u00e4hrlichen Soll-Mietertr\u00e4ge erh\u00f6hen sich auf rund 6,4 Millionen. Wie es weiter heisst, plane die Fondsleitung die Akquisition von zus\u00e4tzlichen Objekten, um das Portfolio geografisch noch breiter zu diversifizieren und das Ertragspotenzial des Fonds zu steigern.<\/p>","protected":false},"excerpt":{"rendered":"<p>Der Helvetica Swiss Opportunity Fund (HSO Fund) \u00fcbernimmt eine Retail-Liegenschaft im Zentrum von Sion (VS) mit einem Marktwert von 42 Millionen CHF.<\/p>","protected":false},"author":25,"featured_media":0,"comment_status":"closed","ping_status":"closed","sticky":false,"template":"","format":"standard","meta":{"_acf_changed":false,"footnotes":""},"categories":[5],"tags":[16,44,41],"class_list":["post-970","post","type-post","status-publish","format-standard","hentry","category-ib","tag-retail","tag-vd","tag-verkauf"],"acf":[],"_links":{"self":[{"href":"https:\/\/develop.immobilienbusiness.ch\/en\/wp-json\/wp\/v2\/posts\/970","targetHints":{"allow":["GET"]}}],"collection":[{"href":"https:\/\/develop.immobilienbusiness.ch\/en\/wp-json\/wp\/v2\/posts"}],"about":[{"href":"https:\/\/develop.immobilienbusiness.ch\/en\/wp-json\/wp\/v2\/types\/post"}],"author":[{"embeddable":true,"href":"https:\/\/develop.immobilienbusiness.ch\/en\/wp-json\/wp\/v2\/users\/25"}],"replies":[{"embeddable":true,"href":"https:\/\/develop.immobilienbusiness.ch\/en\/wp-json\/wp\/v2\/comments?post=970"}],"version-history":[{"count":0,"href":"https:\/\/develop.immobilienbusiness.ch\/en\/wp-json\/wp\/v2\/posts\/970\/revisions"}],"wp:attachment":[{"href":"https:\/\/develop.immobilienbusiness.ch\/en\/wp-json\/wp\/v2\/media?parent=970"}],"wp:term":[{"taxonomy":"category","embeddable":true,"href":"https:\/\/develop.immobilienbusiness.ch\/en\/wp-json\/wp\/v2\/categories?post=970"},{"taxonomy":"post_tag","embeddable":true,"href":"https:\/\/develop.immobilienbusiness.ch\/en\/wp-json\/wp\/v2\/tags?post=970"}],"curies":[{"name":"wp","href":"https:\/\/api.w.org\/{rel}","templated":true}]}}