{"id":93,"date":"2020-01-06T19:10:43","date_gmt":"2020-01-06T18:10:43","guid":{"rendered":"https:\/\/develop.immobilienbusiness.ch\/de\/allgemein\/2020-01-06\/bern-widerstand-gegen-tramdepot-burgernziel\/"},"modified":"2020-01-06T19:10:43","modified_gmt":"2020-01-06T18:10:43","slug":"bern-widerstand-gegen-tramdepot-burgernziel","status":"publish","type":"post","link":"https:\/\/develop.immobilienbusiness.ch\/en\/ib\/2020-01-06\/bern-widerstand-gegen-tramdepot-burgernziel\/","title":{"rendered":"Bern: Widerstand gegen Tramdepot Burgernziel"},"content":{"rendered":"<p>Auf einem st\u00e4dtischen Grundst\u00fcck beim Burgernziel im Berner Kirchenfeldquartier soll das Projekt \u00abB\u00e4rn Ost\u00bb des Architekturb\u00fcros DS.Architekten aus Basel realisiert werden. In einer einzigen Geb\u00e4udefigur sind rund 100 Wohnungen geplant. Rund 30% der Wohnungen sollen als Familienwohnungen mit vier bis f\u00fcnf Zimmern ausgestaltet werden, ein weiteres Drittel ist f\u00fcr Einpersonenhaushalte vorgesehen. Entlang der Thunstrasse sollen ausserdem rund 3.000 qm f\u00fcr Gesch\u00e4ftsr\u00e4umlichkeiten entstehen. Die \u00dcberbauung ist als 2.000-Watt-Areal geplant.<\/p>\n<p>Das Baurecht wurde an eine Bietergemeinschaft aus der Geb\u00e4udeversicherung Bern (GVB) und der Wohnbaugenossenschaft ACHT (wbg8) vergeben. Der Baubeginn sollte eigentlich im Herbst 2019 erfolgen, doch gegen das Projekt ist eine Initiative zustande gekommen. Die Initianten fordern, dass auf dem Areal des Tramdepots und in den bestehenden Hallen g\u00fcnstiger Wohn-, Atelier-, und Kulturraum entsteht. Sie haben auch Beschwerde gegen die Baubewilligung eingereicht. Ob die Initiative allerdings den Stimmberechtigten zur Abstimmung vorgelegt wird, ist offen. Der Gemeinderat hat nun bis Mitte September 2020 Zeit, um ihre materielle G\u00fcltigkeit zu pr\u00fcfen.<\/p>","protected":false},"excerpt":{"rendered":"<p>In Bern ist eine Initiative gegen die geplante Wohn\u00fcberbauung Tramdepot Burgernziel zustande gekommen.<\/p>","protected":false},"author":23,"featured_media":0,"comment_status":"closed","ping_status":"closed","sticky":false,"template":"","format":"standard","meta":{"_acf_changed":false,"footnotes":""},"categories":[5],"tags":[25,11,4],"class_list":["post-93","post","type-post","status-publish","format-standard","hentry","category-ib","tag-be","tag-in-planung","tag-mehrfamilienhaus-miete"],"acf":[],"_links":{"self":[{"href":"https:\/\/develop.immobilienbusiness.ch\/en\/wp-json\/wp\/v2\/posts\/93","targetHints":{"allow":["GET"]}}],"collection":[{"href":"https:\/\/develop.immobilienbusiness.ch\/en\/wp-json\/wp\/v2\/posts"}],"about":[{"href":"https:\/\/develop.immobilienbusiness.ch\/en\/wp-json\/wp\/v2\/types\/post"}],"author":[{"embeddable":true,"href":"https:\/\/develop.immobilienbusiness.ch\/en\/wp-json\/wp\/v2\/users\/23"}],"replies":[{"embeddable":true,"href":"https:\/\/develop.immobilienbusiness.ch\/en\/wp-json\/wp\/v2\/comments?post=93"}],"version-history":[{"count":0,"href":"https:\/\/develop.immobilienbusiness.ch\/en\/wp-json\/wp\/v2\/posts\/93\/revisions"}],"wp:attachment":[{"href":"https:\/\/develop.immobilienbusiness.ch\/en\/wp-json\/wp\/v2\/media?parent=93"}],"wp:term":[{"taxonomy":"category","embeddable":true,"href":"https:\/\/develop.immobilienbusiness.ch\/en\/wp-json\/wp\/v2\/categories?post=93"},{"taxonomy":"post_tag","embeddable":true,"href":"https:\/\/develop.immobilienbusiness.ch\/en\/wp-json\/wp\/v2\/tags?post=93"}],"curies":[{"name":"wp","href":"https:\/\/api.w.org\/{rel}","templated":true}]}}