{"id":878,"date":"2020-10-22T08:52:00","date_gmt":"2020-10-22T06:52:00","guid":{"rendered":"https:\/\/develop.immobilienbusiness.ch\/de\/allgemein\/2020-10-22\/zublin-david-scharli-ist-neuer-verwaltungsrat\/"},"modified":"2020-10-22T08:52:00","modified_gmt":"2020-10-22T06:52:00","slug":"zublin-david-scharli-ist-neuer-verwaltungsrat","status":"publish","type":"post","link":"https:\/\/develop.immobilienbusiness.ch\/en\/ib\/2020-10-22\/zublin-david-scharli-ist-neuer-verwaltungsrat\/","title":{"rendered":"Z\u00fcblin: David Sch\u00e4rli ist neuer Verwaltungsrat"},"content":{"rendered":"<p><span><span><span>An der ausserordentlichen Generalversammlung vom 21. Oktober 2020 waren nach Angaben der Z\u00fcblin Immobilien Holding 67,7% des Aktienkapitals vertreten. Der Zuwahl von David Sch\u00e4rli wurde mit 91,2% zugestimmt. Sch\u00e4rli ist als Vertreter der Aktion\u00e4rsgruppe Ketom, Wiederkehr Associates und Dr. Hans-Rudolf und Ursina Sch\u00e4rli zun\u00e4chst bis zur n\u00e4chsten ordentlichen Generalversammlung 2021 im Verwaltungsrat der Immobiliengesellschaft.<\/span><\/span><\/span><\/p>\n<p><span><span><span>Sch\u00e4rli (Jahrgang 1980) hat Rechtswissenschaften an der Universit\u00e4t St. Gallen studiert und war nach dem Lizenziat f\u00fcr die Advokatur M\u00fchlebach und Privatbankiers Reichmuth &amp; Co t\u00e4tig. 2011 wurde er Teilhaber und Managing Partner der in Z\u00fcrich ans\u00e4ssigen Investmentgesellschaft Wiederkehr Associates, deren Fokus auf Verm\u00f6gensverwaltung, Direktbeteiligungen und Immobilien liegt. Seit 2014 ist Sch\u00e4rli als Gr\u00fcnder und Verwaltungsratspr\u00e4sident der Concorde Industries in diversen Gruppengesellschaften der Concorde im In- und Ausland aktiv.<\/span><\/span><\/span><\/p>\n<p>\u00a0<\/p>","protected":false},"excerpt":{"rendered":"<p><span><span><span>David Sch\u00e4rli ist von der ausserordentlichen Generalversammlung in den Verwaltungsrat der Z\u00fcblin Immobilien Holding gew\u00e4hlt worden. <\/span><\/span><\/span><\/p>","protected":false},"author":23,"featured_media":0,"comment_status":"closed","ping_status":"closed","sticky":false,"template":"","format":"standard","meta":{"_acf_changed":false,"footnotes":""},"categories":[5],"tags":[45,36],"class_list":["post-878","post","type-post","status-publish","format-standard","hentry","category-ib","tag-asset-manager","tag-immobilien-ag"],"acf":[],"_links":{"self":[{"href":"https:\/\/develop.immobilienbusiness.ch\/en\/wp-json\/wp\/v2\/posts\/878","targetHints":{"allow":["GET"]}}],"collection":[{"href":"https:\/\/develop.immobilienbusiness.ch\/en\/wp-json\/wp\/v2\/posts"}],"about":[{"href":"https:\/\/develop.immobilienbusiness.ch\/en\/wp-json\/wp\/v2\/types\/post"}],"author":[{"embeddable":true,"href":"https:\/\/develop.immobilienbusiness.ch\/en\/wp-json\/wp\/v2\/users\/23"}],"replies":[{"embeddable":true,"href":"https:\/\/develop.immobilienbusiness.ch\/en\/wp-json\/wp\/v2\/comments?post=878"}],"version-history":[{"count":0,"href":"https:\/\/develop.immobilienbusiness.ch\/en\/wp-json\/wp\/v2\/posts\/878\/revisions"}],"wp:attachment":[{"href":"https:\/\/develop.immobilienbusiness.ch\/en\/wp-json\/wp\/v2\/media?parent=878"}],"wp:term":[{"taxonomy":"category","embeddable":true,"href":"https:\/\/develop.immobilienbusiness.ch\/en\/wp-json\/wp\/v2\/categories?post=878"},{"taxonomy":"post_tag","embeddable":true,"href":"https:\/\/develop.immobilienbusiness.ch\/en\/wp-json\/wp\/v2\/tags?post=878"}],"curies":[{"name":"wp","href":"https:\/\/api.w.org\/{rel}","templated":true}]}}