{"id":872,"date":"2020-05-22T19:14:59","date_gmt":"2020-05-22T17:14:59","guid":{"rendered":"https:\/\/develop.immobilienbusiness.ch\/de\/allgemein\/2020-05-22\/obwalden-covid-19-belastet-die-wirtschaft-massiv\/"},"modified":"2020-05-22T19:14:59","modified_gmt":"2020-05-22T17:14:59","slug":"obwalden-covid-19-belastet-die-wirtschaft-massiv","status":"publish","type":"post","link":"https:\/\/develop.immobilienbusiness.ch\/en\/ib\/2020-05-22\/obwalden-covid-19-belastet-die-wirtschaft-massiv\/","title":{"rendered":"Obwalden: Covid-19 belastet die Wirtschaft massiv"},"content":{"rendered":"<p lang=\"DE-DE\" xml:lang=\"DE-DE\">Seit der Einf\u00fchrung der Covid-19-Massnahmen des Bundes am 17. M\u00e4rz 2020 h\u00e4tten rund 70% aller Obwaldner Unternehmer\u00a0Umsatzeinbussen\u00a0erlitten. Die\u00a0gr\u00f6ssten\u00a0Einbussen\u00a0h\u00e4tten Unternehmen aus der Beherbergung und Hotellerie, aus der Gastronomie und aus dem Transportwesen verzeichnet,\u00a0heisst\u00a0es in der Studie. Als existenzgef\u00e4hrdend stufen drei\u00a0Viertel der Unternehmen die Auswirkungen von Covid-19 jedoch nicht an.\u00a0\u00a0<\/p>\n<p>In der Gastronomie haben den Angaben zufolge 95% der Betriebe, die an der Umfrage teilnahmen,\u00a0Umsatzeinbussen\u00a0zwischen 50% und 100% verzeichnet, in der Hotellerie war dies bei 94% der Fall. Das Volkswirtschaftsdepartement f\u00fchrt eine weitere Umfrage in der Tourismusbranche durch, um spezifische Fragen zur wirtschaftlichen Situation und zu n\u00f6tigen\u00a0Massnahmen\u00a0zu stellen.\u00a0\u00a0<\/p>\n<p lang=\"DE-DE\" xml:lang=\"DE-DE\">Die Online-Umfrage, die unter der Federf\u00fchrung des Gewerbeverbands gemeinsam mit dem Volkswirtschaftsdepartement Obwalden durchgef\u00fchrt wurde, dauerte vom 30. April bis zum 5. Mai 2020. 304 der rund 1.500 angeschriebenen Obwaldner Unternehmen haben geantwortet, eine R\u00fccklaufquote von ca. 21%.\u00a0<\/p>","protected":false},"excerpt":{"rendered":"<p>Die Unternehmen im Kanton Obwalden wurden von den\u00a0Covid-19-Massnahmen des Bundes erheblich getroffen, so eine Umfrage von Gewerbeverband und Volkswirtschaftsdepartement Obwalden.\u00a0<\/p>","protected":false},"author":23,"featured_media":0,"comment_status":"closed","ping_status":"closed","sticky":false,"template":"","format":"standard","meta":{"_acf_changed":false,"footnotes":""},"categories":[5],"tags":[9,8,16],"class_list":["post-872","post","type-post","status-publish","format-standard","hentry","category-ib","tag-hotels","tag-ow","tag-retail"],"acf":[],"_links":{"self":[{"href":"https:\/\/develop.immobilienbusiness.ch\/en\/wp-json\/wp\/v2\/posts\/872","targetHints":{"allow":["GET"]}}],"collection":[{"href":"https:\/\/develop.immobilienbusiness.ch\/en\/wp-json\/wp\/v2\/posts"}],"about":[{"href":"https:\/\/develop.immobilienbusiness.ch\/en\/wp-json\/wp\/v2\/types\/post"}],"author":[{"embeddable":true,"href":"https:\/\/develop.immobilienbusiness.ch\/en\/wp-json\/wp\/v2\/users\/23"}],"replies":[{"embeddable":true,"href":"https:\/\/develop.immobilienbusiness.ch\/en\/wp-json\/wp\/v2\/comments?post=872"}],"version-history":[{"count":0,"href":"https:\/\/develop.immobilienbusiness.ch\/en\/wp-json\/wp\/v2\/posts\/872\/revisions"}],"wp:attachment":[{"href":"https:\/\/develop.immobilienbusiness.ch\/en\/wp-json\/wp\/v2\/media?parent=872"}],"wp:term":[{"taxonomy":"category","embeddable":true,"href":"https:\/\/develop.immobilienbusiness.ch\/en\/wp-json\/wp\/v2\/categories?post=872"},{"taxonomy":"post_tag","embeddable":true,"href":"https:\/\/develop.immobilienbusiness.ch\/en\/wp-json\/wp\/v2\/tags?post=872"}],"curies":[{"name":"wp","href":"https:\/\/api.w.org\/{rel}","templated":true}]}}