{"id":851,"date":"2020-10-19T08:27:07","date_gmt":"2020-10-19T06:27:07","guid":{"rendered":"https:\/\/develop.immobilienbusiness.ch\/de\/allgemein\/2020-10-19\/basel-roche-plant-dritten-buroturm\/"},"modified":"2020-10-19T08:27:07","modified_gmt":"2020-10-19T06:27:07","slug":"basel-roche-plant-dritten-buroturm","status":"publish","type":"post","link":"https:\/\/develop.immobilienbusiness.ch\/en\/ib\/2020-10-19\/basel-roche-plant-dritten-buroturm\/","title":{"rendered":"Basel: Roche plant dritten B\u00fcroturm"},"content":{"rendered":"<p>Roche gestaltet das S\u00fcdareal an der Grenzacherstrasse in Basel grundlegend um, weil die gegenw\u00e4rtige dichte und kleinteilige Bebauung den heutigen Anforderungen nicht mehr entspricht. Die Bauarbeiten f\u00fcr die Neubauten sind in vollem Gang: Das B\u00fcrohochhaus Bau 2 soll im zweiten Quartal 2022 fertiggestellt sein; im Oktober 2020 hatte der <span><span><span><span><span lang=\"DE-CH\" xml:lang=\"DE-CH\"><span><span>Rohbau-Kern den 47. Stock bzw. eine H\u00f6he von 191 Metern erreicht. Beim Forschungs- und Entwicklungszentrum Bau 4-7 ist die Fertigstellung f\u00fcr das vierte Quartal 2023 geplant. Der <\/span><\/span>Rohbau von Bau 4 und 5 inklusive Tiefgarage ist bereits abgeschlossen, und das Ende der Rohbauarbeiten f\u00fcr den Bau 6 und 7 wird im Herbst 2021 erwartet. Bereits im ersten Quartal 2021 sollen <\/span><\/span><\/span><\/span><\/span><span lang=\"DE-CH\" xml:lang=\"DE-CH\"><span><span>das Technical Service Center und das Employee Center (Bau 8 und 11) fertig sein.<\/span><\/span><\/span><\/p>\n<p>Ab 2023, wenn auf dem Nordareal das neue Forschungs- und Entwicklungszentrum bezugsbereit ist, sollen die nicht mehr ben\u00f6tigten Geb\u00e4ude auf dem S\u00fcdareal r\u00fcckgebaut werden. Es handelt sich dabei um die Forschungsgeb\u00e4ude Bau 68, 69 und 70, die Produktionsbauten Bau 9, 27 und 48 sowie die B\u00fcrogeb\u00e4ude Bau 52 und Bau 71<\/p>\n<p>Man habe die Pl\u00e4ne f\u00fcr die Umgestaltung des Areals nun mit dem Basler Architekturb\u00fcro Herzog &amp; de Meuron \u00abweiterentwickelt\u00bb, teilt Roche mit. Die alten Laborgeb\u00e4ude an der Solitudepromenade werden demnach durch eine grosse Gr\u00fcn- und Freifl\u00e4che mit einer lockeren Bebauung ersetzt. Im Park sollen ein Empfangsgeb\u00e4ude sowie ein weiteres B\u00fcrohochhaus entstehen. Der B\u00fcroneubau werde sich in H\u00f6he und Form an den bereits errichteten Geb\u00e4uden Bau 1 und Bau 2 orientieren und werde diese architektonisch optimal erg\u00e4nzen, so der Pharmakonzern. Als maximale H\u00f6he w\u00e4ren 221 Meter m\u00f6glich. Die drei abgetreppten Hochh\u00e4user sollen k\u00fcnftig den Mittelpunkt des Standortes bilden. Neben den Geb\u00e4uden ist eine Tiefgarage mit Ladeinfrastruktur f\u00fcr E-Bikes und E-Autos geplant<\/p>\n<p>\u00abDie heute vorgestellte, aktualisierte Vision f\u00fcr den Ausbau des S\u00fcdareals bietet uns die M\u00f6glichkeit, den Bau moderner Arbeitspl\u00e4tze mit einer substanziellen Erweiterung der Gr\u00fcnfl\u00e4che am Rheinufer sowie der Umgestaltung der Solitudepromenade zu vereinbaren\u00bb sagt J\u00fcrg Erismann, Standortleiter Basel\/Kaiseraugst.<\/p>","protected":false},"excerpt":{"rendered":"<p>Der Pharmakonzern Roche hat die Pl\u00e4ne f\u00fcr die Modernisierung seines S\u00fcdareals in Basel \u00fcberarbeitet. Unter anderem soll ein drittes B\u00fcrohochhaus gebaut werden.<\/p>","protected":false},"author":23,"featured_media":0,"comment_status":"closed","ping_status":"closed","sticky":false,"template":"","format":"standard","meta":{"_acf_changed":false,"footnotes":""},"categories":[5],"tags":[2,7,11],"class_list":["post-851","post","type-post","status-publish","format-standard","hentry","category-ib","tag-bs","tag-buro","tag-in-planung"],"acf":[],"_links":{"self":[{"href":"https:\/\/develop.immobilienbusiness.ch\/en\/wp-json\/wp\/v2\/posts\/851","targetHints":{"allow":["GET"]}}],"collection":[{"href":"https:\/\/develop.immobilienbusiness.ch\/en\/wp-json\/wp\/v2\/posts"}],"about":[{"href":"https:\/\/develop.immobilienbusiness.ch\/en\/wp-json\/wp\/v2\/types\/post"}],"author":[{"embeddable":true,"href":"https:\/\/develop.immobilienbusiness.ch\/en\/wp-json\/wp\/v2\/users\/23"}],"replies":[{"embeddable":true,"href":"https:\/\/develop.immobilienbusiness.ch\/en\/wp-json\/wp\/v2\/comments?post=851"}],"version-history":[{"count":0,"href":"https:\/\/develop.immobilienbusiness.ch\/en\/wp-json\/wp\/v2\/posts\/851\/revisions"}],"wp:attachment":[{"href":"https:\/\/develop.immobilienbusiness.ch\/en\/wp-json\/wp\/v2\/media?parent=851"}],"wp:term":[{"taxonomy":"category","embeddable":true,"href":"https:\/\/develop.immobilienbusiness.ch\/en\/wp-json\/wp\/v2\/categories?post=851"},{"taxonomy":"post_tag","embeddable":true,"href":"https:\/\/develop.immobilienbusiness.ch\/en\/wp-json\/wp\/v2\/tags?post=851"}],"curies":[{"name":"wp","href":"https:\/\/api.w.org\/{rel}","templated":true}]}}