{"id":817,"date":"2020-09-24T08:49:59","date_gmt":"2020-09-24T06:49:59","guid":{"rendered":"https:\/\/develop.immobilienbusiness.ch\/de\/allgemein\/2020-09-24\/neuer-ceo-bei-verit-investment-management\/"},"modified":"2020-09-24T08:49:59","modified_gmt":"2020-09-24T06:49:59","slug":"neuer-ceo-bei-verit-investment-management","status":"publish","type":"post","link":"https:\/\/develop.immobilienbusiness.ch\/en\/ib\/2020-09-24\/neuer-ceo-bei-verit-investment-management\/","title":{"rendered":"Neuer CEO bei Verit Investment Management"},"content":{"rendered":"<p><span><span><span>Niels Lehmann ist seit vielen Jahren im Bereich Immobilieninvestitionen und -entwicklung t\u00e4tig. Fr\u00fchere Stationen seiner beruflichen Laufbahn waren unter anderem W\u00fcest Partner und AMAG Immobilien. <\/span><\/span><\/span><\/p>\n<p><span><span><span>Als CEO bei Verit Investment Management folgt er auf Philippe Br\u00e4ndle, der zum kommenden Jahr CFO bei der Swiss-Prime-Site-Tochter Swiss Prime Site Solutions wird. <\/span><\/span><\/span><\/p>","protected":false},"excerpt":{"rendered":"<p><span><span><span>Niels Lehmann, derzeit in der Projektentwicklung bei UTO Real Estate Management t\u00e4tig, wird ab 1. Januar 2021 neuer CEO der Verit Investment Management. <\/span><\/span><\/span><\/p>","protected":false},"author":23,"featured_media":0,"comment_status":"closed","ping_status":"closed","sticky":false,"template":"","format":"standard","meta":{"_acf_changed":false,"footnotes":""},"categories":[5],"tags":[45],"class_list":["post-817","post","type-post","status-publish","format-standard","hentry","category-ib","tag-asset-manager"],"acf":[],"_links":{"self":[{"href":"https:\/\/develop.immobilienbusiness.ch\/en\/wp-json\/wp\/v2\/posts\/817","targetHints":{"allow":["GET"]}}],"collection":[{"href":"https:\/\/develop.immobilienbusiness.ch\/en\/wp-json\/wp\/v2\/posts"}],"about":[{"href":"https:\/\/develop.immobilienbusiness.ch\/en\/wp-json\/wp\/v2\/types\/post"}],"author":[{"embeddable":true,"href":"https:\/\/develop.immobilienbusiness.ch\/en\/wp-json\/wp\/v2\/users\/23"}],"replies":[{"embeddable":true,"href":"https:\/\/develop.immobilienbusiness.ch\/en\/wp-json\/wp\/v2\/comments?post=817"}],"version-history":[{"count":0,"href":"https:\/\/develop.immobilienbusiness.ch\/en\/wp-json\/wp\/v2\/posts\/817\/revisions"}],"wp:attachment":[{"href":"https:\/\/develop.immobilienbusiness.ch\/en\/wp-json\/wp\/v2\/media?parent=817"}],"wp:term":[{"taxonomy":"category","embeddable":true,"href":"https:\/\/develop.immobilienbusiness.ch\/en\/wp-json\/wp\/v2\/categories?post=817"},{"taxonomy":"post_tag","embeddable":true,"href":"https:\/\/develop.immobilienbusiness.ch\/en\/wp-json\/wp\/v2\/tags?post=817"}],"curies":[{"name":"wp","href":"https:\/\/api.w.org\/{rel}","templated":true}]}}