{"id":796,"date":"2020-09-16T08:47:07","date_gmt":"2020-09-16T06:47:07","guid":{"rendered":"https:\/\/develop.immobilienbusiness.ch\/de\/allgemein\/2020-09-16\/oberdiessbach-vogt-areal-soll-uberbaut-werden\/"},"modified":"2020-09-16T08:47:07","modified_gmt":"2020-09-16T06:47:07","slug":"oberdiessbach-vogt-areal-soll-uberbaut-werden","status":"publish","type":"post","link":"https:\/\/develop.immobilienbusiness.ch\/en\/ib\/2020-09-16\/oberdiessbach-vogt-areal-soll-uberbaut-werden\/","title":{"rendered":"Oberdiessbach: Vogt-Areal soll \u00fcberbaut werden"},"content":{"rendered":"<p>\u00a0<\/p>\n<p><span><span><span>Das Areal der Firma Vogt in Oberdiessbach ist insgesamt rund 9.300 qm gross und wird durch die Freimettigenstrasse in zwei Teile geteilt. Den s\u00fcdlichen Grundst\u00fccksteil zwischen Freimettigen- und Schulstrasse will Vogt als Standort aufgeben und einer neuen Nutzung zuf\u00fchren. Auf dem n\u00f6rdlichen Teil befindet sich ein Gewerbebau. Das Vogt-Areal ist nur wenige hundert Meter vom Bahnhof entfernt.<\/span><\/span><\/span><\/p>\n<p><span><span><span>Gemeinsam mit der Halter AG hat die Gemeinde eine Umnutzung des s\u00fcdlichen Arealteils auf den Weg gebracht. Geplant sind mehrere Wohnbauten und ein Quartierplatz. Die Zonenplan\u00e4nderung Vogt-Areal und die Teil\u00fcberbauungsordnung Vogt-Areal S\u00fcd liegen noch bis 1. Oktober 2020 \u00f6ffentlich auf. <\/span><\/span><\/span><\/p>","protected":false},"excerpt":{"rendered":"<p><span><span><span>In der Gemeinde Oberdiessbach (BE) gibt es Pl\u00e4ne, auf dem s\u00fcdlichen Teil des Vogt-Areals Wohnbauten zu erstellen. <\/span><\/span><\/span><\/p>","protected":false},"author":23,"featured_media":0,"comment_status":"closed","ping_status":"closed","sticky":false,"template":"","format":"standard","meta":{"_acf_changed":false,"footnotes":""},"categories":[5],"tags":[25,11,4,14,31],"class_list":["post-796","post","type-post","status-publish","format-standard","hentry","category-ib","tag-be","tag-in-planung","tag-mehrfamilienhaus-miete","tag-mfh-stockwerkeigentum","tag-verfugbares-grundstuck"],"acf":[],"_links":{"self":[{"href":"https:\/\/develop.immobilienbusiness.ch\/en\/wp-json\/wp\/v2\/posts\/796","targetHints":{"allow":["GET"]}}],"collection":[{"href":"https:\/\/develop.immobilienbusiness.ch\/en\/wp-json\/wp\/v2\/posts"}],"about":[{"href":"https:\/\/develop.immobilienbusiness.ch\/en\/wp-json\/wp\/v2\/types\/post"}],"author":[{"embeddable":true,"href":"https:\/\/develop.immobilienbusiness.ch\/en\/wp-json\/wp\/v2\/users\/23"}],"replies":[{"embeddable":true,"href":"https:\/\/develop.immobilienbusiness.ch\/en\/wp-json\/wp\/v2\/comments?post=796"}],"version-history":[{"count":0,"href":"https:\/\/develop.immobilienbusiness.ch\/en\/wp-json\/wp\/v2\/posts\/796\/revisions"}],"wp:attachment":[{"href":"https:\/\/develop.immobilienbusiness.ch\/en\/wp-json\/wp\/v2\/media?parent=796"}],"wp:term":[{"taxonomy":"category","embeddable":true,"href":"https:\/\/develop.immobilienbusiness.ch\/en\/wp-json\/wp\/v2\/categories?post=796"},{"taxonomy":"post_tag","embeddable":true,"href":"https:\/\/develop.immobilienbusiness.ch\/en\/wp-json\/wp\/v2\/tags?post=796"}],"curies":[{"name":"wp","href":"https:\/\/api.w.org\/{rel}","templated":true}]}}