{"id":764,"date":"2020-09-06T23:43:03","date_gmt":"2020-09-06T21:43:03","guid":{"rendered":"https:\/\/develop.immobilienbusiness.ch\/de\/allgemein\/2020-09-06\/arlewo-ag-arag-ag-svito-ag-unter-einem-dach\/"},"modified":"2020-09-06T23:43:03","modified_gmt":"2020-09-06T21:43:03","slug":"arlewo-ag-arag-ag-svito-ag-unter-einem-dach","status":"publish","type":"post","link":"https:\/\/develop.immobilienbusiness.ch\/en\/ib\/2020-09-06\/arlewo-ag-arag-ag-svito-ag-unter-einem-dach\/","title":{"rendered":"Arlewo AG, Arag AG, Svito AG unter einem Dach\u00a0"},"content":{"rendered":"<p>Auf zu gemeinsamen Ufern: Die seit Jahrzehnten als unabh\u00e4ngige Immobiliendienstleister in der Zentralschweiz t\u00e4tigen Gesellschaften Arlewo AG \u00a0(seit 1968), Arag AG (seit 1976) und die Svito AG (seit 1985) schliessen sich auf 1. Januar 2021 unter dem Arlewo-Dach zusammen.<br \/>\nGemeinsam k\u00f6nnten sie zuk\u00fcnftige Herausforderungen des Immobilien-Marktes umsetzen und durch Synergien neue Potenziale erreichen, schreiben\u00a0die Gesellschaften in einer gemeinsamen Medienmitteilung. Gemeinsam f\u00fchre Arlewo Bew\u00e4hrtes weiter, positioniere sich noch fokussierter als \u00abdigital pers\u00f6nliches Immobilien-Team mit engagierter Fachkompetenz\u00bb. Fur Kunden der Arag und Svito wechsele der Firmenname, die K\u00f6pfe dahinter blieben gleich. Arlewo sei und bleibe unabh\u00e4ngig und inhabergef\u00fchrt, mit drei gleichberechtigten Mitinhaber Silvio Camenzind (neu), Thomas Peter und Thomas Winiger.<\/p>","protected":false},"excerpt":{"rendered":"<p>Arlewo, Arag \u00a0und Svito sind seit Jahrzehnten als unabh\u00e4ngige Immobilien-Dienstleistungsunternehmen in der Zentralschweiz t\u00e4tig. Auf 1. Januar 2021 schliessen sich die drei Firmen unter dem Arlewo-Dach zusammen.\u00a0<\/p>\n<p>\u00a0<\/p>","protected":false},"author":24,"featured_media":0,"comment_status":"closed","ping_status":"closed","sticky":false,"template":"","format":"standard","meta":{"_acf_changed":false,"footnotes":""},"categories":[5],"tags":[69],"class_list":["post-764","post","type-post","status-publish","format-standard","hentry","category-ib","tag-beratungsunternehmen"],"acf":[],"_links":{"self":[{"href":"https:\/\/develop.immobilienbusiness.ch\/en\/wp-json\/wp\/v2\/posts\/764","targetHints":{"allow":["GET"]}}],"collection":[{"href":"https:\/\/develop.immobilienbusiness.ch\/en\/wp-json\/wp\/v2\/posts"}],"about":[{"href":"https:\/\/develop.immobilienbusiness.ch\/en\/wp-json\/wp\/v2\/types\/post"}],"author":[{"embeddable":true,"href":"https:\/\/develop.immobilienbusiness.ch\/en\/wp-json\/wp\/v2\/users\/24"}],"replies":[{"embeddable":true,"href":"https:\/\/develop.immobilienbusiness.ch\/en\/wp-json\/wp\/v2\/comments?post=764"}],"version-history":[{"count":0,"href":"https:\/\/develop.immobilienbusiness.ch\/en\/wp-json\/wp\/v2\/posts\/764\/revisions"}],"wp:attachment":[{"href":"https:\/\/develop.immobilienbusiness.ch\/en\/wp-json\/wp\/v2\/media?parent=764"}],"wp:term":[{"taxonomy":"category","embeddable":true,"href":"https:\/\/develop.immobilienbusiness.ch\/en\/wp-json\/wp\/v2\/categories?post=764"},{"taxonomy":"post_tag","embeddable":true,"href":"https:\/\/develop.immobilienbusiness.ch\/en\/wp-json\/wp\/v2\/tags?post=764"}],"curies":[{"name":"wp","href":"https:\/\/api.w.org\/{rel}","templated":true}]}}