{"id":755,"date":"2020-09-03T20:39:52","date_gmt":"2020-09-03T18:39:52","guid":{"rendered":"https:\/\/develop.immobilienbusiness.ch\/de\/allgemein\/2020-09-03\/basel-hauptbau-des-kunstmuseums-soll-saniert-werden\/"},"modified":"2020-09-03T20:39:52","modified_gmt":"2020-09-03T18:39:52","slug":"basel-hauptbau-des-kunstmuseums-soll-saniert-werden","status":"publish","type":"post","link":"https:\/\/develop.immobilienbusiness.ch\/en\/ib\/2020-09-03\/basel-hauptbau-des-kunstmuseums-soll-saniert-werden\/","title":{"rendered":"Basel: Hauptbau des Kunstmuseums soll saniert werden"},"content":{"rendered":"<p>Um den Werterhalt des Kunstmuseums sicherzustellen, m\u00fcssen die Geb\u00e4udeh\u00fclle, der Innenausbau und die technische Infrastruktur erneuert werden, teilt der Kanton Basel-Stadt mit. Bei der Sanierung soll eine hohe technische, funktionelle und gestalterische Qualit\u00e4t erzielt werden, gleichzeitig erwartet der Kanton einen sorgf\u00e4ltigem Umgang mit dem denkmalgesch\u00fctzten Bestand.<\/p>\n<p>F\u00fcr die Planung der Sanierung wird nun ein Generalplanerteam gesucht. Die Ausschreibung dazu ist am 2. September 2020 im Kantonsblatt Basel-Stadt publiziert worden; das Auswahlverfahren soll im Herbst 2021 abgeschlossen sein. Die Sanierung soll ab 2025 in Etappen realisiert werden. F\u00fcr die Projektierung der Massnahmen hat der Regierungsrat 4,7 Millionen CHF bewilligt.<\/p>","protected":false},"excerpt":{"rendered":"<p>Der Hauptbau des Kunstmuseums Basel, der aus dem Jahr 1936 stammt, muss grundlegend saniert werden. Daf\u00fcr sucht der Kanton ein Generalplanerteam.<\/p>","protected":false},"author":23,"featured_media":0,"comment_status":"closed","ping_status":"closed","sticky":false,"template":"","format":"standard","meta":{"_acf_changed":false,"footnotes":""},"categories":[5],"tags":[2,11],"class_list":["post-755","post","type-post","status-publish","format-standard","hentry","category-ib","tag-bs","tag-in-planung"],"acf":[],"_links":{"self":[{"href":"https:\/\/develop.immobilienbusiness.ch\/en\/wp-json\/wp\/v2\/posts\/755","targetHints":{"allow":["GET"]}}],"collection":[{"href":"https:\/\/develop.immobilienbusiness.ch\/en\/wp-json\/wp\/v2\/posts"}],"about":[{"href":"https:\/\/develop.immobilienbusiness.ch\/en\/wp-json\/wp\/v2\/types\/post"}],"author":[{"embeddable":true,"href":"https:\/\/develop.immobilienbusiness.ch\/en\/wp-json\/wp\/v2\/users\/23"}],"replies":[{"embeddable":true,"href":"https:\/\/develop.immobilienbusiness.ch\/en\/wp-json\/wp\/v2\/comments?post=755"}],"version-history":[{"count":0,"href":"https:\/\/develop.immobilienbusiness.ch\/en\/wp-json\/wp\/v2\/posts\/755\/revisions"}],"wp:attachment":[{"href":"https:\/\/develop.immobilienbusiness.ch\/en\/wp-json\/wp\/v2\/media?parent=755"}],"wp:term":[{"taxonomy":"category","embeddable":true,"href":"https:\/\/develop.immobilienbusiness.ch\/en\/wp-json\/wp\/v2\/categories?post=755"},{"taxonomy":"post_tag","embeddable":true,"href":"https:\/\/develop.immobilienbusiness.ch\/en\/wp-json\/wp\/v2\/tags?post=755"}],"curies":[{"name":"wp","href":"https:\/\/api.w.org\/{rel}","templated":true}]}}