{"id":701,"date":"2020-08-14T14:33:34","date_gmt":"2020-08-14T12:33:34","guid":{"rendered":"https:\/\/develop.immobilienbusiness.ch\/de\/allgemein\/2020-08-14\/region-freiburg-fonds-srpf-verkauft-buroimmobilie-in-granges-paccot\/"},"modified":"2020-08-14T14:33:34","modified_gmt":"2020-08-14T12:33:34","slug":"region-freiburg-fonds-srpf-verkauft-buroimmobilie-in-granges-paccot","status":"publish","type":"post","link":"https:\/\/develop.immobilienbusiness.ch\/en\/ib\/2020-08-14\/region-freiburg-fonds-srpf-verkauft-buroimmobilie-in-granges-paccot\/","title":{"rendered":"Region Freiburg: Fonds SRPF verkauft B\u00fcroimmobilie in Granges-Paccot"},"content":{"rendered":"<p>Bei der B\u00fcroliegenschaft handelt es sich um das Objekt <span>Chantemerle 3 in <\/span><span>Granges-Paccot im Kanton Freiburg. \u00abDieser <\/span><span>Verkauf <\/span><span>steht im Einklang mit <\/span><span>unseren langfristigen Zielen sowie <\/span><span>der Neupositionierung des <\/span><span>Portfolios. Dies verbessert auch die M\u00f6glichkeiten des SRPF, entsprechend seiner Kernstrategie zu <\/span><span>investieren sowie die Aufmerksamkeit auf gr\u00f6ssere Geb\u00e4ude und h\u00f6here Wertsch\u00f6pfung zu konzentrieren\u00bb, sagt Dan Bihi<\/span><span>&#8211;<\/span><span>Zenou, CEO von JSS Real Estate Management.<\/span><\/p>\n<p><span>\u00abDar\u00fcber hinaus erachten wir diese Ver\u00e4usserung<\/span><span> auch desha<\/span><span>lb als<\/span><span> positiv<\/span><span>, weil<\/span><span> der <\/span><span>Leerstand dieses Geb\u00e4udes infolge des Ausscheidens eines Hauptmieters im September 2020 <\/span><span>zunehmen wird.<\/span><span>\u00bb<\/span><span> Der Erl\u00f6s aus dem Immobilienverkauf, der \u00fcber dem letzten von den Sch\u00e4tzungsexperten <\/span><span>eruierten<\/span><span> Wert liege und einen Gewinn abwerfe, werde zum Schuldenabbau und zur Nutzung des latenten <\/span><span>Wertpotenzials des bestehenden Portfolios verwendet, so Bihi-Zenou.<\/span><\/p>\n<p><span>JSS Real Estate Management z\u00e4hlt zur Bankengruppe J. Safra Sarasin und ist eine von der Eidgen\u00f6ssischen Finanzmarktaufsicht (FINMA) <\/span><span>zugelassene Immobilienfondsleitung mit Sitz in Genf nach Schweizer Recht. Ziel von JSS RE<\/span><span>M ist nach eigenen Angaben, eine Reihe von regulierten thematisch<\/span><span>en <\/span><span>Immobilienfonds zu entwickeln und seinen Anlegern anzubieten, darunter den Suisse Romande <\/span><span>Property Fund (SRPF).<\/span><\/p>","protected":false},"excerpt":{"rendered":"<p><span>JSS Real Estate Management SA gibt als Fondsleitung des Suisse Romande Property Fund (SRPF) den Verkauf eines B\u00fcrogeb\u00e4udes in Granges-Paccot (FR) per 1. Juli 2020 bekannt.<\/span><\/p>","protected":false},"author":25,"featured_media":0,"comment_status":"closed","ping_status":"closed","sticky":false,"template":"","format":"standard","meta":{"_acf_changed":false,"footnotes":""},"categories":[5],"tags":[34,35,29,41],"class_list":["post-701","post","type-post","status-publish","format-standard","hentry","category-ib","tag-fr","tag-immobilienfonds","tag-potentieller-kaufer","tag-verkauf"],"acf":[],"_links":{"self":[{"href":"https:\/\/develop.immobilienbusiness.ch\/en\/wp-json\/wp\/v2\/posts\/701","targetHints":{"allow":["GET"]}}],"collection":[{"href":"https:\/\/develop.immobilienbusiness.ch\/en\/wp-json\/wp\/v2\/posts"}],"about":[{"href":"https:\/\/develop.immobilienbusiness.ch\/en\/wp-json\/wp\/v2\/types\/post"}],"author":[{"embeddable":true,"href":"https:\/\/develop.immobilienbusiness.ch\/en\/wp-json\/wp\/v2\/users\/25"}],"replies":[{"embeddable":true,"href":"https:\/\/develop.immobilienbusiness.ch\/en\/wp-json\/wp\/v2\/comments?post=701"}],"version-history":[{"count":0,"href":"https:\/\/develop.immobilienbusiness.ch\/en\/wp-json\/wp\/v2\/posts\/701\/revisions"}],"wp:attachment":[{"href":"https:\/\/develop.immobilienbusiness.ch\/en\/wp-json\/wp\/v2\/media?parent=701"}],"wp:term":[{"taxonomy":"category","embeddable":true,"href":"https:\/\/develop.immobilienbusiness.ch\/en\/wp-json\/wp\/v2\/categories?post=701"},{"taxonomy":"post_tag","embeddable":true,"href":"https:\/\/develop.immobilienbusiness.ch\/en\/wp-json\/wp\/v2\/tags?post=701"}],"curies":[{"name":"wp","href":"https:\/\/api.w.org\/{rel}","templated":true}]}}