{"id":698,"date":"2020-08-14T09:27:00","date_gmt":"2020-08-14T07:27:00","guid":{"rendered":"https:\/\/develop.immobilienbusiness.ch\/de\/allgemein\/2020-08-14\/muttenz-primeo-energie-plant-windanlage\/"},"modified":"2020-08-14T09:27:00","modified_gmt":"2020-08-14T07:27:00","slug":"muttenz-primeo-energie-plant-windanlage","status":"publish","type":"post","link":"https:\/\/develop.immobilienbusiness.ch\/en\/ib\/2020-08-14\/muttenz-primeo-energie-plant-windanlage\/","title":{"rendered":"Muttenz: Primeo Energie plant Windanlage"},"content":{"rendered":"<p><span><span><span>Der Standort in der Muttenzer Hard, zwischen der Autobahn A2 und den Gleisanlagen der SBB, ist eines der sechs Windparkgebiete, die 2015 im Baselbieter Richtplan verankert wurden. Primeo Energie will hier nun bis 2023 zwei Windturbinen realisieren. Es w\u00e4re der erste Windpark in der trinationalen Region Basel; Windr\u00e4der gibt es dort bislang nur im Hochschwarzwald.<\/span><\/span><\/span><\/p>\n<p><span><span><span>Die Nabenh\u00f6he der beiden Windturbinen werde maximal 140 Meter betragen, teilt Primeo Energie mit. Der Durchmesser der Rotoren messe maximal 120 Meter, je nach Position der Rotorbl\u00e4tter habe die Anlage damit eine H\u00f6he von 200 Metern. Die Turbinen erzeugten j\u00e4hrlich 4,5 Millionen Kilowattstunden Strom; mit der neuen Windanlage k\u00f6nnten durchschnittlich 1.200 Haushalte mit elektrischer Energie versorgt werden.<\/span><\/span><\/span><\/p>\n<p><span><span><span>Wie Primeo Energie weiter mitteilt, seien alle n\u00f6tigen Voruntersuchungen schon ausgef\u00fchrt. Windmessungen h\u00e4tten ergeben, dass sich der Standort f\u00fcr eine Windanlage eignet. Zudem liege das Gebiet nicht in einem Landschaftsschutzgebiet, sondern zwischen zwei Verkehrsachsen. Die Verbraucher in den Industrie- und Wohngebieten seien nahe, ein Netzanschluss lasse sich mit wenig Aufwand realisieren.<\/span><\/span><\/span><\/p>","protected":false},"excerpt":{"rendered":"<p><span><span><span>Der Energieversorger Primeo Energie will in der Muttenzer Hard gemeinsam mit der Gemeinde Muttenz und dem Kanton Basel-Landschaft zwei Windturbinen aufstellen.<\/span><\/span><\/span><\/p>","protected":false},"author":23,"featured_media":0,"comment_status":"closed","ping_status":"closed","sticky":false,"template":"","format":"standard","meta":{"_acf_changed":false,"footnotes":""},"categories":[5],"tags":[18,62,71],"class_list":["post-698","post","type-post","status-publish","format-standard","hentry","category-ib","tag-bl","tag-infrastruktur","tag-nachhaltigkeit"],"acf":[],"_links":{"self":[{"href":"https:\/\/develop.immobilienbusiness.ch\/en\/wp-json\/wp\/v2\/posts\/698","targetHints":{"allow":["GET"]}}],"collection":[{"href":"https:\/\/develop.immobilienbusiness.ch\/en\/wp-json\/wp\/v2\/posts"}],"about":[{"href":"https:\/\/develop.immobilienbusiness.ch\/en\/wp-json\/wp\/v2\/types\/post"}],"author":[{"embeddable":true,"href":"https:\/\/develop.immobilienbusiness.ch\/en\/wp-json\/wp\/v2\/users\/23"}],"replies":[{"embeddable":true,"href":"https:\/\/develop.immobilienbusiness.ch\/en\/wp-json\/wp\/v2\/comments?post=698"}],"version-history":[{"count":0,"href":"https:\/\/develop.immobilienbusiness.ch\/en\/wp-json\/wp\/v2\/posts\/698\/revisions"}],"wp:attachment":[{"href":"https:\/\/develop.immobilienbusiness.ch\/en\/wp-json\/wp\/v2\/media?parent=698"}],"wp:term":[{"taxonomy":"category","embeddable":true,"href":"https:\/\/develop.immobilienbusiness.ch\/en\/wp-json\/wp\/v2\/categories?post=698"},{"taxonomy":"post_tag","embeddable":true,"href":"https:\/\/develop.immobilienbusiness.ch\/en\/wp-json\/wp\/v2\/tags?post=698"}],"curies":[{"name":"wp","href":"https:\/\/api.w.org\/{rel}","templated":true}]}}