{"id":667,"date":"2020-08-10T08:25:00","date_gmt":"2020-08-10T06:25:00","guid":{"rendered":"https:\/\/develop.immobilienbusiness.ch\/de\/allgemein\/2020-08-10\/basel-pilotversuch-zur-abfallentsorgung\/"},"modified":"2020-08-10T08:25:00","modified_gmt":"2020-08-10T06:25:00","slug":"basel-pilotversuch-zur-abfallentsorgung","status":"publish","type":"post","link":"https:\/\/develop.immobilienbusiness.ch\/en\/ib\/2020-08-10\/basel-pilotversuch-zur-abfallentsorgung\/","title":{"rendered":"Basel: Pilotversuch zur Abfallentsorgung"},"content":{"rendered":"<p><span><span><span>Um zu testen, ob sich die Abfallentsorgung per unterirdischem Container in ganz Basel eignet, f\u00fchrt das Tiefbauamt in einem Teil des Bachlettenquartiers einen einj\u00e4hrigen Pilotversuch durch. Im Gebiet zwischen dem Neuweilerplatz, dem Sch\u00fctzenhaus, dem Birsig- und dem Dorenbachviadukt werden 29 Unterflurcontainer platziert, daf\u00fcr m\u00fcssen 22 Parkpl\u00e4tze aufgehoben werden. <\/span><\/span><\/span><\/p>\n<p><span><span><span>Die Unterflurcontainer werden bevorzugt an Kreuzungen und in der N\u00e4he von Alltagszielen wie Einkaufsl\u00e4den oder Haltestellen eingerichtet. Die Luftlinie zum n\u00e4chsten M\u00fcllcontainer werde bei fast allen Haushalten im Versuchsgebiet weniger als 100 Meter betragen, teilt das Basler Tiefbauamt mit. <\/span><\/span><\/span><\/p>\n<p><span><span><span>W\u00e4hrend viele Schweizer St\u00e4dte schon seit l\u00e4ngerem Unterflurcontainer zur Abfallentsorgung nutzen, wird diese Methode in Basel bislang nur im Erlenmattquartier eingesetzt. Ein Jahr nach der Einf\u00fchrung seien die Quartierbewohner \u00fcberwiegend zufrieden: 97,5% der Teilnehmenden einer Umfrage h\u00e4tten die Handhabung als einfach und die Gew\u00f6hnung an das neue System als sehr gut bezeichnet, so das Tiefbauamt. <\/span><\/span><\/span><\/p>","protected":false},"excerpt":{"rendered":"<p><span><span><span>Ab voraussichtlich 2021 sollen im Rahmen eines Pilotversuchs im Bachlettenquartier in Basel Unterflurcontainer f\u00fcr die M\u00fcllentsorgung genutzt werden. Daf\u00fcr m\u00fcssen Parkpl\u00e4tze weichen.<\/span><\/span><\/span><\/p>","protected":false},"author":23,"featured_media":0,"comment_status":"closed","ping_status":"closed","sticky":false,"template":"","format":"standard","meta":{"_acf_changed":false,"footnotes":""},"categories":[5],"tags":[2,62],"class_list":["post-667","post","type-post","status-publish","format-standard","hentry","category-ib","tag-bs","tag-infrastruktur"],"acf":[],"_links":{"self":[{"href":"https:\/\/develop.immobilienbusiness.ch\/en\/wp-json\/wp\/v2\/posts\/667","targetHints":{"allow":["GET"]}}],"collection":[{"href":"https:\/\/develop.immobilienbusiness.ch\/en\/wp-json\/wp\/v2\/posts"}],"about":[{"href":"https:\/\/develop.immobilienbusiness.ch\/en\/wp-json\/wp\/v2\/types\/post"}],"author":[{"embeddable":true,"href":"https:\/\/develop.immobilienbusiness.ch\/en\/wp-json\/wp\/v2\/users\/23"}],"replies":[{"embeddable":true,"href":"https:\/\/develop.immobilienbusiness.ch\/en\/wp-json\/wp\/v2\/comments?post=667"}],"version-history":[{"count":0,"href":"https:\/\/develop.immobilienbusiness.ch\/en\/wp-json\/wp\/v2\/posts\/667\/revisions"}],"wp:attachment":[{"href":"https:\/\/develop.immobilienbusiness.ch\/en\/wp-json\/wp\/v2\/media?parent=667"}],"wp:term":[{"taxonomy":"category","embeddable":true,"href":"https:\/\/develop.immobilienbusiness.ch\/en\/wp-json\/wp\/v2\/categories?post=667"},{"taxonomy":"post_tag","embeddable":true,"href":"https:\/\/develop.immobilienbusiness.ch\/en\/wp-json\/wp\/v2\/tags?post=667"}],"curies":[{"name":"wp","href":"https:\/\/api.w.org\/{rel}","templated":true}]}}