{"id":630,"date":"2020-08-04T18:27:01","date_gmt":"2020-08-04T16:27:01","guid":{"rendered":"https:\/\/develop.immobilienbusiness.ch\/de\/allgemein\/2020-08-04\/st-gallen-ubs-direct-urban-investiert-in-der-altstadt\/"},"modified":"2020-08-04T18:27:01","modified_gmt":"2020-08-04T16:27:01","slug":"st-gallen-ubs-direct-urban-investiert-in-der-altstadt","status":"publish","type":"post","link":"https:\/\/develop.immobilienbusiness.ch\/en\/ib\/2020-08-04\/st-gallen-ubs-direct-urban-investiert-in-der-altstadt\/","title":{"rendered":"St.Gallen: UBS Direct Urban investiert in der Altstadt"},"content":{"rendered":"<p>Der Immobilienfonds UBS Direct Urban hat mit Antritt per 1. Dezember 2019 eine Wohn- und Gesch\u00e4ftsliegenschaft an der Multergasse in der Altstadt von St. Gallen erworben.<\/p>\n<p>Die Liegenschaft sei 1997 gesamtsaniert und hofseitig um einen Anbau erweitert worden, teilt UBS Asset Management mit. Im Unter- und Erdgeschoss befinden sich der Mitteilung zufolge rund 500 qm kommerzielle Fl\u00e4chen, die langfristig an ein d\u00e4nisches Einrichtungslabel vermietet sind. Das Unternehmen hat die Verkaufsfl\u00e4che bei Bezug komplett renoviert. In den dar\u00fcber liegenden Geschossen befinden sich insgesamt zehn Wohnungen mit 2,5, 3 und 3,5 Zimmern.<\/p>\n<p>Das Investitionsvolumen liegt nach Angaben der UBS bei rund 12 Millionen CHF. Das Portfolio des UBS Direct Urban w\u00e4chst mit dem Zukauf auf 17 Liegenschaften in zehn Kantonen an.<\/p>","protected":false},"excerpt":{"rendered":"<p>Der Immobilienfonds UBS Direct Urban hat eine Wohn- und Gesch\u00e4ftsliegenschaft in der Altstadt von St. Gallen erworben.<\/p>","protected":false},"author":24,"featured_media":0,"comment_status":"closed","ping_status":"closed","sticky":false,"template":"","format":"standard","meta":{"_acf_changed":false,"footnotes":""},"categories":[5],"tags":[45,59,48,41],"class_list":["post-630","post","type-post","status-publish","format-standard","hentry","category-ib","tag-asset-manager","tag-freizeitimmobilien","tag-sg","tag-verkauf"],"acf":[],"_links":{"self":[{"href":"https:\/\/develop.immobilienbusiness.ch\/en\/wp-json\/wp\/v2\/posts\/630","targetHints":{"allow":["GET"]}}],"collection":[{"href":"https:\/\/develop.immobilienbusiness.ch\/en\/wp-json\/wp\/v2\/posts"}],"about":[{"href":"https:\/\/develop.immobilienbusiness.ch\/en\/wp-json\/wp\/v2\/types\/post"}],"author":[{"embeddable":true,"href":"https:\/\/develop.immobilienbusiness.ch\/en\/wp-json\/wp\/v2\/users\/24"}],"replies":[{"embeddable":true,"href":"https:\/\/develop.immobilienbusiness.ch\/en\/wp-json\/wp\/v2\/comments?post=630"}],"version-history":[{"count":0,"href":"https:\/\/develop.immobilienbusiness.ch\/en\/wp-json\/wp\/v2\/posts\/630\/revisions"}],"wp:attachment":[{"href":"https:\/\/develop.immobilienbusiness.ch\/en\/wp-json\/wp\/v2\/media?parent=630"}],"wp:term":[{"taxonomy":"category","embeddable":true,"href":"https:\/\/develop.immobilienbusiness.ch\/en\/wp-json\/wp\/v2\/categories?post=630"},{"taxonomy":"post_tag","embeddable":true,"href":"https:\/\/develop.immobilienbusiness.ch\/en\/wp-json\/wp\/v2\/tags?post=630"}],"curies":[{"name":"wp","href":"https:\/\/api.w.org\/{rel}","templated":true}]}}