{"id":626,"date":"2020-08-04T17:59:58","date_gmt":"2020-08-04T15:59:58","guid":{"rendered":"https:\/\/develop.immobilienbusiness.ch\/de\/allgemein\/2020-08-04\/hotels-historischer-ruckgang-der-logiernachte\/"},"modified":"2020-08-04T17:59:58","modified_gmt":"2020-08-04T15:59:58","slug":"hotels-historischer-ruckgang-der-logiernachte","status":"publish","type":"post","link":"https:\/\/develop.immobilienbusiness.ch\/en\/ib\/2020-08-04\/hotels-historischer-ruckgang-der-logiernachte\/","title":{"rendered":"Hotels: Historischer R\u00fcckgang der Logiern\u00e4chte"},"content":{"rendered":"<p>Laut provisorischen Ergebnissen des Bundesamtes f\u00fcr Statistik (BFS) hatte die\u00a0Logiern\u00e4chtezahl\u00a0im Januar und Februar 2020 gegen\u00fcber den entsprechenden Vorjahresmonaten noch um 6,3% bzw. 6,4% zugenommen. Im M\u00e4rz jedoch, als der Bundesrat im Zusammenhang mit Covid-19 die \u00abausserordentliche\u00a0Lage\u00bb erkl\u00e4rte und es zum Lockdown kam, ist die Nachfrage um 62,3% eingebrochen.\u00a0\u00a0<\/p>\n<p>Das deutlichste Minus wurde im April verbucht, hier waren es 92,4% bzw. 2,5 Millionen Logiern\u00e4chte weniger als im Vorjahresmonat. Laut BFS sind nur 205.000 Logiern\u00e4chte verbucht worden. Von dem Einbruch im M\u00e4rz und April seien alle Tourismusregionen betroffen gewesen.\u00a0<\/p>\n<p>Im Mai sind mit 625.000 Logiern\u00e4chten 79,2% (-2,4 Millionen) weniger als im Vorjahresmonat verzeichnet worden. Die Nachfrage rutschte laut BFS im Mai in allen Tourismusregionen tief ins Minus. Graub\u00fcnden (-46,4% \/ -57 000) und Jura &amp; Drei-Seen-Land (-49,5% \/ -26.000) w\u00fcrden jedoch etwas weniger negative Zahlen ausweisen als die anderen Tourismusregionen, so das Bundesamt f\u00fcr Statistik.\u00a0<\/p>\n<p>Nach weiteren Lockerungen der Covid-19-Massnahmen waren im Juni schweizweit 1,4 Millionen Logiern\u00e4chte zu verbuchen, das sind 62,0% (2,4 Millionen) weniger als im Juni 2019. Bei den inl\u00e4ndischen G\u00e4sten sank die Nachfrage um 24,7% gegen\u00fcber dem Vorjahr, das ist der geringste R\u00fcckgang seit M\u00e4rz. Die ausl\u00e4ndischen G\u00e4ste sorgten f\u00fcr 274.000 Logiern\u00e4chte, das sind 87,8% weniger als im Vorjahr.\u00a0\u00a0<\/p>\n<p>Der\u00a0Logiern\u00e4chter\u00fcckgang\u00a0traf alle 13 Tourismusregionen, einzig im Tessin (-32,6%), in Graub\u00fcnden (-34,9%), im Jura &amp; Drei-Seen-Land (-35,1%) und in der Ostschweiz (-37,6%) blieb er unter 40%.\u00a0<\/p>\n<p>\u00a0<\/p>","protected":false},"excerpt":{"rendered":"<p>Die Schweizer Hotellerie hat wegen der Covid-19-Pandemie im ersten Halbjahr 2020 insgesamt 9,9 Millionen Logiern\u00e4chte verzeichnet. Das sind 47,5% weniger als im Vorjahreszeitraum.\u00a0<\/p>","protected":false},"author":23,"featured_media":0,"comment_status":"closed","ping_status":"closed","sticky":false,"template":"","format":"standard","meta":{"_acf_changed":false,"footnotes":""},"categories":[5],"tags":[9],"class_list":["post-626","post","type-post","status-publish","format-standard","hentry","category-ib","tag-hotels"],"acf":[],"_links":{"self":[{"href":"https:\/\/develop.immobilienbusiness.ch\/en\/wp-json\/wp\/v2\/posts\/626","targetHints":{"allow":["GET"]}}],"collection":[{"href":"https:\/\/develop.immobilienbusiness.ch\/en\/wp-json\/wp\/v2\/posts"}],"about":[{"href":"https:\/\/develop.immobilienbusiness.ch\/en\/wp-json\/wp\/v2\/types\/post"}],"author":[{"embeddable":true,"href":"https:\/\/develop.immobilienbusiness.ch\/en\/wp-json\/wp\/v2\/users\/23"}],"replies":[{"embeddable":true,"href":"https:\/\/develop.immobilienbusiness.ch\/en\/wp-json\/wp\/v2\/comments?post=626"}],"version-history":[{"count":0,"href":"https:\/\/develop.immobilienbusiness.ch\/en\/wp-json\/wp\/v2\/posts\/626\/revisions"}],"wp:attachment":[{"href":"https:\/\/develop.immobilienbusiness.ch\/en\/wp-json\/wp\/v2\/media?parent=626"}],"wp:term":[{"taxonomy":"category","embeddable":true,"href":"https:\/\/develop.immobilienbusiness.ch\/en\/wp-json\/wp\/v2\/categories?post=626"},{"taxonomy":"post_tag","embeddable":true,"href":"https:\/\/develop.immobilienbusiness.ch\/en\/wp-json\/wp\/v2\/tags?post=626"}],"curies":[{"name":"wp","href":"https:\/\/api.w.org\/{rel}","templated":true}]}}