{"id":5878,"date":"2023-08-14T11:54:13","date_gmt":"2023-08-14T09:54:13","guid":{"rendered":"https:\/\/develop.immobilienbusiness.ch\/?p=5878"},"modified":"2023-08-14T11:54:13","modified_gmt":"2023-08-14T09:54:13","slug":"emmen-lu-baubewilligung-fuer-36-000-qm-grossen-verwaltungsbau-liegt-vor","status":"publish","type":"post","link":"https:\/\/develop.immobilienbusiness.ch\/en\/ib\/2023-08-14\/emmen-lu-baubewilligung-fuer-36-000-qm-grossen-verwaltungsbau-liegt-vor\/","title":{"rendered":"Emmen (LU): Building permit for 36,000 square meter administration building has been granted"},"content":{"rendered":"<p>Die Baubewilligung f\u00fcr die neue Verwaltung des Kantons Luzern in Emmen liegt vor. Wie der Kanton mitteilt, soll am Seetalplatz in Emmen von Sommer 2026 an das B\u00fcrogeb\u00e4ude er\u00f6ffnet werden. Der Baubeginn soll im Sp\u00e4tsommer 2023 erfolgen.<\/p>\n<p>Mit neun Stockwerken und rund 36.000 qm Fla\u0308che bietet das nee kantonale Verwaltungsgeb\u00e4ude Platz fu\u0308r knapp 1.450 Besch\u00e4ftigte. Ebenfalls in diesem Bau untergebracht sind die Luzerner Polizei mit einem Polizeiposten, Wohnungen, ein Restaurant, Retailfla\u0308chen sohierwie eine Kindertagessta\u0308tte. Mit dem kantonalen Verwaltungsgeb\u00e4ude zentralisiert der Kanton Luzern rund 30 Standorte in der Stadt Luzern am Seetalplatz.<\/p>\n<p>IB reported most recently <a href=\"https:\/\/develop.immobilienbusiness.ch\/en\/ib\/2021-06-23\/luzern-kredit-fur-verwaltungsbau-am-seetalplatz-ist-bewilligt\/\" target=\"_blank\" rel=\"noopener\">here<\/a> about the project. <em>(aw)<\/em><\/p>","protected":false},"excerpt":{"rendered":"<p>The canton of Lucerne has announced that planning permission has been granted for the new cantonal administration building in Emmen. The canton's 30 office locations are to be consolidated there.<\/p>","protected":false},"author":28,"featured_media":0,"comment_status":"closed","ping_status":"closed","sticky":false,"template":"","format":"standard","meta":{"_acf_changed":false,"footnotes":""},"categories":[5],"tags":[7,318,10,215,96,16,203],"class_list":["post-5878","post","type-post","status-publish","format-standard","hentry","category-ib","tag-buro","tag-emmen","tag-lu","tag-oeffentliche-hand","tag-projekt-in-planung","tag-retail","tag-wohnungen"],"acf":[],"_links":{"self":[{"href":"https:\/\/develop.immobilienbusiness.ch\/en\/wp-json\/wp\/v2\/posts\/5878","targetHints":{"allow":["GET"]}}],"collection":[{"href":"https:\/\/develop.immobilienbusiness.ch\/en\/wp-json\/wp\/v2\/posts"}],"about":[{"href":"https:\/\/develop.immobilienbusiness.ch\/en\/wp-json\/wp\/v2\/types\/post"}],"author":[{"embeddable":true,"href":"https:\/\/develop.immobilienbusiness.ch\/en\/wp-json\/wp\/v2\/users\/28"}],"replies":[{"embeddable":true,"href":"https:\/\/develop.immobilienbusiness.ch\/en\/wp-json\/wp\/v2\/comments?post=5878"}],"version-history":[{"count":2,"href":"https:\/\/develop.immobilienbusiness.ch\/en\/wp-json\/wp\/v2\/posts\/5878\/revisions"}],"predecessor-version":[{"id":5880,"href":"https:\/\/develop.immobilienbusiness.ch\/en\/wp-json\/wp\/v2\/posts\/5878\/revisions\/5880"}],"wp:attachment":[{"href":"https:\/\/develop.immobilienbusiness.ch\/en\/wp-json\/wp\/v2\/media?parent=5878"}],"wp:term":[{"taxonomy":"category","embeddable":true,"href":"https:\/\/develop.immobilienbusiness.ch\/en\/wp-json\/wp\/v2\/categories?post=5878"},{"taxonomy":"post_tag","embeddable":true,"href":"https:\/\/develop.immobilienbusiness.ch\/en\/wp-json\/wp\/v2\/tags?post=5878"}],"curies":[{"name":"wp","href":"https:\/\/api.w.org\/{rel}","templated":true}]}}