{"id":571,"date":"2020-07-21T09:05:15","date_gmt":"2020-07-21T07:05:15","guid":{"rendered":"https:\/\/develop.immobilienbusiness.ch\/de\/allgemein\/2020-07-21\/wadenswil-realisierung-des-aupark-ruckt-naher\/"},"modified":"2020-07-21T09:05:15","modified_gmt":"2020-07-21T07:05:15","slug":"wadenswil-realisierung-des-aupark-ruckt-naher","status":"publish","type":"post","link":"https:\/\/develop.immobilienbusiness.ch\/en\/ib\/2020-07-21\/wadenswil-realisierung-des-aupark-ruckt-naher\/","title":{"rendered":"W\u00e4denswil: Realisierung des AuPark r\u00fcckt n\u00e4her"},"content":{"rendered":"<p>Intershop will auf dem Areal des heutigen AuCenter in Au-W\u00e4denswil am Z\u00fcrichsee das Quartier AuPark erstellen. Geplant sind eine Kantonsschule f\u00fcr das linke Z\u00fcrichseeufer, rund 200 Eigentums- und Mietwohnungen sowie Gewerbefl\u00e4chen f\u00fcr eine Quartierversorgung. Mitten in der Anlage ist &#8211; als verbindendes Element und Begegnungszone &#8211; ein grosser \u00f6ffentlicher Park mit Spielplatz vorgesehen.<\/p>\n<p>Nach der \u00f6ffentlichen Auflage habe es keinen Rekurs beim Baurekursgericht gegeben, somit hat der Gestaltungsplan f\u00fcr das Projekt\u00a0 Rechtskraft erhalten. Damit sei auch die letzte Bedingung des Landkaufvertrags mit dem Kanton Z\u00fcrich erf\u00fcllt, so Intershop. Das Eigentum an der Teilparzelle von rund einem Viertel des Gesamtgrundst\u00fccks k\u00f6nne allerdings fr\u00fchestens dann \u00fcbertragen werden, wenn unter anderem der bewilligungspflichtige R\u00fcckbau des Geb\u00e4udes erfolgt ist.<\/p>","protected":false},"excerpt":{"rendered":"<p>Die Intershop Holding will noch dieses Jahr das Baugesuch f\u00fcr die \u00dcberbauung AuPark in W\u00e4denswil (ZH) einreichen. Der private Gestaltungsplan ist inzwischen rechtskr\u00e4ftig geworden.<\/p>","protected":false},"author":23,"featured_media":0,"comment_status":"closed","ping_status":"closed","sticky":false,"template":"","format":"standard","meta":{"_acf_changed":false,"footnotes":""},"categories":[5],"tags":[11,4,14,16,42],"class_list":["post-571","post","type-post","status-publish","format-standard","hentry","category-ib","tag-in-planung","tag-mehrfamilienhaus-miete","tag-mfh-stockwerkeigentum","tag-retail","tag-zh"],"acf":[],"_links":{"self":[{"href":"https:\/\/develop.immobilienbusiness.ch\/en\/wp-json\/wp\/v2\/posts\/571","targetHints":{"allow":["GET"]}}],"collection":[{"href":"https:\/\/develop.immobilienbusiness.ch\/en\/wp-json\/wp\/v2\/posts"}],"about":[{"href":"https:\/\/develop.immobilienbusiness.ch\/en\/wp-json\/wp\/v2\/types\/post"}],"author":[{"embeddable":true,"href":"https:\/\/develop.immobilienbusiness.ch\/en\/wp-json\/wp\/v2\/users\/23"}],"replies":[{"embeddable":true,"href":"https:\/\/develop.immobilienbusiness.ch\/en\/wp-json\/wp\/v2\/comments?post=571"}],"version-history":[{"count":0,"href":"https:\/\/develop.immobilienbusiness.ch\/en\/wp-json\/wp\/v2\/posts\/571\/revisions"}],"wp:attachment":[{"href":"https:\/\/develop.immobilienbusiness.ch\/en\/wp-json\/wp\/v2\/media?parent=571"}],"wp:term":[{"taxonomy":"category","embeddable":true,"href":"https:\/\/develop.immobilienbusiness.ch\/en\/wp-json\/wp\/v2\/categories?post=571"},{"taxonomy":"post_tag","embeddable":true,"href":"https:\/\/develop.immobilienbusiness.ch\/en\/wp-json\/wp\/v2\/tags?post=571"}],"curies":[{"name":"wp","href":"https:\/\/api.w.org\/{rel}","templated":true}]}}