{"id":5453,"date":"2023-06-26T17:16:46","date_gmt":"2023-06-26T15:16:46","guid":{"rendered":"https:\/\/develop.immobilienbusiness.ch\/?p=5453"},"modified":"2023-06-26T17:16:46","modified_gmt":"2023-06-26T15:16:46","slug":"fsp-architekten-geschaeftsfuehrung-mit-sechs-neuen","status":"publish","type":"post","link":"https:\/\/develop.immobilienbusiness.ch\/en\/ib\/2023-06-26\/fsp-architekten-geschaeftsfuehrung-mit-sechs-neuen\/","title":{"rendered":"FSP Architekten: Gesch\u00e4ftsf\u00fchrung mit sechs Neuen"},"content":{"rendered":"<p>Das B\u00fcro FSP Architekten aus Spreitenbach (AG) hat laut einem Post auf Linkedin die operative Gesch\u00e4ftsf\u00fchrung per Anfang Juli verj\u00fcngt. Maggie Planchat, Jacek Motyl, Selim Manjusak, Urs Huber, Alexander Christen und Niklaus Gysi seien \u00abTeil der neuen C-F\u00fchrung\u00bb, teilt das Unternehmen mit.<\/p>\n<p>Das Architekturb\u00fcro mit \u00fcber 50 Mitarbeitern wurde in den 1970er Jahren von Heinz Fugazza und William Steinmann in Wettingen gegr\u00fcndet. 2011 wurde das Unternehmen von Markus Sch\u00e4rer, Ivo Lenherr und Christoph Kaech \u00fcbernommen. <i>(aw)<\/i><\/p>","protected":false},"excerpt":{"rendered":"<p>FSP Architekten, ein B\u00fcro mit \u00fcber 50 Mitarbeitern, hat die Gesch\u00e4ftsf\u00fchrung verj\u00fcngt.<\/p>","protected":false},"author":28,"featured_media":0,"comment_status":"closed","ping_status":"closed","sticky":false,"template":"","format":"standard","meta":{"_acf_changed":false,"footnotes":""},"categories":[5],"tags":[1137,74],"class_list":["post-5453","post","type-post","status-publish","format-standard","hentry","category-ib","tag-fsp-architekten","tag-personalia"],"acf":[],"_links":{"self":[{"href":"https:\/\/develop.immobilienbusiness.ch\/en\/wp-json\/wp\/v2\/posts\/5453","targetHints":{"allow":["GET"]}}],"collection":[{"href":"https:\/\/develop.immobilienbusiness.ch\/en\/wp-json\/wp\/v2\/posts"}],"about":[{"href":"https:\/\/develop.immobilienbusiness.ch\/en\/wp-json\/wp\/v2\/types\/post"}],"author":[{"embeddable":true,"href":"https:\/\/develop.immobilienbusiness.ch\/en\/wp-json\/wp\/v2\/users\/28"}],"replies":[{"embeddable":true,"href":"https:\/\/develop.immobilienbusiness.ch\/en\/wp-json\/wp\/v2\/comments?post=5453"}],"version-history":[{"count":1,"href":"https:\/\/develop.immobilienbusiness.ch\/en\/wp-json\/wp\/v2\/posts\/5453\/revisions"}],"predecessor-version":[{"id":5454,"href":"https:\/\/develop.immobilienbusiness.ch\/en\/wp-json\/wp\/v2\/posts\/5453\/revisions\/5454"}],"wp:attachment":[{"href":"https:\/\/develop.immobilienbusiness.ch\/en\/wp-json\/wp\/v2\/media?parent=5453"}],"wp:term":[{"taxonomy":"category","embeddable":true,"href":"https:\/\/develop.immobilienbusiness.ch\/en\/wp-json\/wp\/v2\/categories?post=5453"},{"taxonomy":"post_tag","embeddable":true,"href":"https:\/\/develop.immobilienbusiness.ch\/en\/wp-json\/wp\/v2\/tags?post=5453"}],"curies":[{"name":"wp","href":"https:\/\/api.w.org\/{rel}","templated":true}]}}