{"id":5427,"date":"2023-06-22T15:32:28","date_gmt":"2023-06-22T13:32:28","guid":{"rendered":"https:\/\/develop.immobilienbusiness.ch\/?p=5427"},"modified":"2023-06-22T15:32:28","modified_gmt":"2023-06-22T13:32:28","slug":"luzern-108-mietwohnungen-am-schoenbuehlcenter-geplant","status":"publish","type":"post","link":"https:\/\/develop.immobilienbusiness.ch\/en\/ib\/2023-06-22\/luzern-108-mietwohnungen-am-schoenbuehlcenter-geplant\/","title":{"rendered":"Luzern: 108 Mietwohnungen am Sch\u00f6nb\u00fchlcenter geplant"},"content":{"rendered":"<p>Laut Webseite der Stadt Luzern wurde Ende April\u00a0 ein Baugesuch f\u00fcr eine neue Wohn\u00fcberbauung zwischen Hirtenhofstrasse, Bl\u00e4tzigenweg und Langensandstrasse eingereicht. Die Pl\u00e4ne stammen von dem B\u00fcro Arkkitehtuuritoimisto Heikkinen-Komonen aus Helsinki. Wie mehrere Lokalmedien berichten, sollen auf dem Grundst\u00fcck gegen\u00fcber dem Sch\u00f6nb\u00fchl-Center 108 Mietwohnungen in vier H\u00e4usern entstehen. Bauherr ist die Familie von Schumacher. Das Investitionsvolumen wird mit 35 Mio. CHF beziffert. <i>(aw)<\/i><\/p>","protected":false},"excerpt":{"rendered":"<p>Finnische Architekten planen vier Mehrfamilienh\u00e4user, die zwischen Hirtenhofstrasse, Bl\u00e4tzigenweg und Langensandstrasse in Luzern entstehen sollen.<\/p>","protected":false},"author":28,"featured_media":0,"comment_status":"closed","ping_status":"closed","sticky":false,"template":"","format":"standard","meta":{"_acf_changed":false,"footnotes":""},"categories":[5],"tags":[1129,205,183,96],"class_list":["post-5427","post","type-post","status-publish","format-standard","hentry","category-ib","tag-heikkinen-komonen","tag-luzern","tag-mietwohnungen","tag-projekt-in-planung"],"acf":[],"_links":{"self":[{"href":"https:\/\/develop.immobilienbusiness.ch\/en\/wp-json\/wp\/v2\/posts\/5427","targetHints":{"allow":["GET"]}}],"collection":[{"href":"https:\/\/develop.immobilienbusiness.ch\/en\/wp-json\/wp\/v2\/posts"}],"about":[{"href":"https:\/\/develop.immobilienbusiness.ch\/en\/wp-json\/wp\/v2\/types\/post"}],"author":[{"embeddable":true,"href":"https:\/\/develop.immobilienbusiness.ch\/en\/wp-json\/wp\/v2\/users\/28"}],"replies":[{"embeddable":true,"href":"https:\/\/develop.immobilienbusiness.ch\/en\/wp-json\/wp\/v2\/comments?post=5427"}],"version-history":[{"count":1,"href":"https:\/\/develop.immobilienbusiness.ch\/en\/wp-json\/wp\/v2\/posts\/5427\/revisions"}],"predecessor-version":[{"id":5428,"href":"https:\/\/develop.immobilienbusiness.ch\/en\/wp-json\/wp\/v2\/posts\/5427\/revisions\/5428"}],"wp:attachment":[{"href":"https:\/\/develop.immobilienbusiness.ch\/en\/wp-json\/wp\/v2\/media?parent=5427"}],"wp:term":[{"taxonomy":"category","embeddable":true,"href":"https:\/\/develop.immobilienbusiness.ch\/en\/wp-json\/wp\/v2\/categories?post=5427"},{"taxonomy":"post_tag","embeddable":true,"href":"https:\/\/develop.immobilienbusiness.ch\/en\/wp-json\/wp\/v2\/tags?post=5427"}],"curies":[{"name":"wp","href":"https:\/\/api.w.org\/{rel}","templated":true}]}}