{"id":4893,"date":"2023-04-12T10:17:04","date_gmt":"2023-04-12T08:17:04","guid":{"rendered":"https:\/\/develop.immobilienbusiness.ch\/?p=4893"},"modified":"2023-04-12T10:17:04","modified_gmt":"2023-04-12T08:17:04","slug":"winterthur-gestaltungsplan-fuer-siedlung-grabenacker-rechtskraeftig","status":"publish","type":"post","link":"https:\/\/develop.immobilienbusiness.ch\/en\/ib\/2023-04-12\/winterthur-gestaltungsplan-fuer-siedlung-grabenacker-rechtskraeftig\/","title":{"rendered":"Winterthur: Gestaltungsplan f\u00fcr \u00abSiedlung Grabenacker\u00bb rechtskr\u00e4ftig"},"content":{"rendered":"<p>Nach Angaben der HGW Heimst\u00e4tten-Genossenschaft Winterthur ist der private Gestaltungsplan f\u00fcr das Projekt \u00abSiedlung Grabenacker\u00bb im Dorfzentrum von Oberwinterthur rechtskr\u00e4ftig. Der Gestaltungsplan wurde vom Stadtparlament festgesetzt und von der Baudirektion des Kantons Z\u00fcrich im November genehmigt. Nun ist die Rekursfrist abgelaufen.<\/p>\n<p>Das Projekt sieht die Instandsetzung der Reihenh\u00e4user aus der Nachkriegszeit sowie deren Aussenr\u00e4ume ab dem Sommer vor. Ausserdem sind auf definierten Baufeldern Ersatzneubauten mit Wohnungen f\u00fcr 250 Personen geplant. F\u00fcr diese wird ein Studienauftrag unter Einbezug von multidisziplin\u00e4ren Planerteams durchgef\u00fchrt, welcher im Januar 2023 startete. Die Jurierung erfolgt im Fr\u00fchjahr 2024. <i>(aw)<\/i><\/p>","protected":false},"excerpt":{"rendered":"<p>In Winterthur kann die HGW die n\u00e4chsten Schritte f\u00fcr die Sanierung von Bestandesbauten und die Schaffung neuer Wohnungen in der \u00abSiedlung Grabenacker\u00bb nehmen.<\/p>","protected":false},"author":28,"featured_media":0,"comment_status":"closed","ping_status":"closed","sticky":false,"template":"","format":"standard","meta":{"_acf_changed":false,"footnotes":""},"categories":[5],"tags":[867,183,96,193,42],"class_list":["post-4893","post","type-post","status-publish","format-standard","hentry","category-ib","tag-hgw","tag-mietwohnungen","tag-projekt-in-planung","tag-winterthur","tag-zh"],"acf":[],"_links":{"self":[{"href":"https:\/\/develop.immobilienbusiness.ch\/en\/wp-json\/wp\/v2\/posts\/4893","targetHints":{"allow":["GET"]}}],"collection":[{"href":"https:\/\/develop.immobilienbusiness.ch\/en\/wp-json\/wp\/v2\/posts"}],"about":[{"href":"https:\/\/develop.immobilienbusiness.ch\/en\/wp-json\/wp\/v2\/types\/post"}],"author":[{"embeddable":true,"href":"https:\/\/develop.immobilienbusiness.ch\/en\/wp-json\/wp\/v2\/users\/28"}],"replies":[{"embeddable":true,"href":"https:\/\/develop.immobilienbusiness.ch\/en\/wp-json\/wp\/v2\/comments?post=4893"}],"version-history":[{"count":1,"href":"https:\/\/develop.immobilienbusiness.ch\/en\/wp-json\/wp\/v2\/posts\/4893\/revisions"}],"predecessor-version":[{"id":4894,"href":"https:\/\/develop.immobilienbusiness.ch\/en\/wp-json\/wp\/v2\/posts\/4893\/revisions\/4894"}],"wp:attachment":[{"href":"https:\/\/develop.immobilienbusiness.ch\/en\/wp-json\/wp\/v2\/media?parent=4893"}],"wp:term":[{"taxonomy":"category","embeddable":true,"href":"https:\/\/develop.immobilienbusiness.ch\/en\/wp-json\/wp\/v2\/categories?post=4893"},{"taxonomy":"post_tag","embeddable":true,"href":"https:\/\/develop.immobilienbusiness.ch\/en\/wp-json\/wp\/v2\/tags?post=4893"}],"curies":[{"name":"wp","href":"https:\/\/api.w.org\/{rel}","templated":true}]}}