{"id":4619,"date":"2023-02-27T19:11:21","date_gmt":"2023-02-27T18:11:21","guid":{"rendered":"https:\/\/develop.immobilienbusiness.ch\/?p=4619"},"modified":"2023-02-27T19:11:21","modified_gmt":"2023-02-27T18:11:21","slug":"alpnach-ow-spatenstich-fuer-53-wohnungen-auf-allmend","status":"publish","type":"post","link":"https:\/\/develop.immobilienbusiness.ch\/en\/ib\/2023-02-27\/alpnach-ow-spatenstich-fuer-53-wohnungen-auf-allmend\/","title":{"rendered":"Alpnach (OW): Spatenstich f\u00fcr 53 Wohnungen auf Allmend"},"content":{"rendered":"<p>In Alpnach (OW) hat laut \u00fcbereinstimmenden Medienberichten der Bau f\u00fcr 53 Miet- und Eigentumswohnungen der Korporation Alpnach begonnen. Insgesamt entstehen auf der Allmend drei Mehrfamilienh\u00e4user f\u00fcr 28,4 Mio. CHF. Das Grundst\u00fcck misst circa einen halben Hektar. IB berichtete erstmals <a href=\"https:\/\/develop.immobilienbusiness.ch\/en\/ib\/2021-12-20\/alpnach-korporation-alpnach-plant-wohnuberbauung\/\" target=\"_blank\" rel=\"noopener\">here<\/a> about the project.<i> (aw)<\/i><\/p>\n<p>&nbsp;<\/p>\n<p>&nbsp;<\/p>","protected":false},"excerpt":{"rendered":"<p>In Alpnach (OW) baut die Korporation Alpnach drei Mehrfamilienh\u00e4user f\u00fcr knapp 30 Mio. CHF. Die Bauarbeiten haben begonnen.<\/p>","protected":false},"author":28,"featured_media":0,"comment_status":"closed","ping_status":"closed","sticky":false,"template":"","format":"standard","meta":{"_acf_changed":false,"footnotes":""},"categories":[5],"tags":[743,226,183,8,216],"class_list":["post-4619","post","type-post","status-publish","format-standard","hentry","category-ib","tag-alpnach","tag-eigentumswohnungen","tag-mietwohnungen","tag-ow","tag-projekt-in-bau"],"acf":[],"_links":{"self":[{"href":"https:\/\/develop.immobilienbusiness.ch\/en\/wp-json\/wp\/v2\/posts\/4619","targetHints":{"allow":["GET"]}}],"collection":[{"href":"https:\/\/develop.immobilienbusiness.ch\/en\/wp-json\/wp\/v2\/posts"}],"about":[{"href":"https:\/\/develop.immobilienbusiness.ch\/en\/wp-json\/wp\/v2\/types\/post"}],"author":[{"embeddable":true,"href":"https:\/\/develop.immobilienbusiness.ch\/en\/wp-json\/wp\/v2\/users\/28"}],"replies":[{"embeddable":true,"href":"https:\/\/develop.immobilienbusiness.ch\/en\/wp-json\/wp\/v2\/comments?post=4619"}],"version-history":[{"count":1,"href":"https:\/\/develop.immobilienbusiness.ch\/en\/wp-json\/wp\/v2\/posts\/4619\/revisions"}],"predecessor-version":[{"id":4620,"href":"https:\/\/develop.immobilienbusiness.ch\/en\/wp-json\/wp\/v2\/posts\/4619\/revisions\/4620"}],"wp:attachment":[{"href":"https:\/\/develop.immobilienbusiness.ch\/en\/wp-json\/wp\/v2\/media?parent=4619"}],"wp:term":[{"taxonomy":"category","embeddable":true,"href":"https:\/\/develop.immobilienbusiness.ch\/en\/wp-json\/wp\/v2\/categories?post=4619"},{"taxonomy":"post_tag","embeddable":true,"href":"https:\/\/develop.immobilienbusiness.ch\/en\/wp-json\/wp\/v2\/tags?post=4619"}],"curies":[{"name":"wp","href":"https:\/\/api.w.org\/{rel}","templated":true}]}}