{"id":4219,"date":"2022-12-31T12:54:43","date_gmt":"2022-12-31T11:54:43","guid":{"rendered":"https:\/\/develop.immobilienbusiness.ch\/?p=4219"},"modified":"2022-12-31T12:54:43","modified_gmt":"2022-12-31T11:54:43","slug":"spreitenbach-ag-spitex-geschaeftsstelle-hat-neue-raeume-fuer-35-mitarbeiter-gefunden","status":"publish","type":"post","link":"https:\/\/develop.immobilienbusiness.ch\/en\/ib\/2022-12-31\/spreitenbach-ag-spitex-geschaeftsstelle-hat-neue-raeume-fuer-35-mitarbeiter-gefunden\/","title":{"rendered":"Spreitenbach (AG): Spitex-Gesch\u00e4ftsstelle hat neue R\u00e4ume f\u00fcr 35 Mitarbeiter gefunden"},"content":{"rendered":"<p>Laut einer Medienmitteilung der Gemeinde Bergdietikon (AG) ist die Spitex Region Aargau Ost mit ihren 35 Mitarbeitern umgezogen. Seit dem 19. Dezember hat sie neue R\u00e4umlichkeiten H\u00e4rdlistrasse 15 in Spreitenbach bezogen. Davor sass die Gesch\u00e4ftstelle in der Kirchstrasse 12 in Bergdietikon. Geeignete R\u00e4umlichkeiten im dortigen Ortszentrum seien laut Medienmitteilung nicht verf\u00fcgbar gewesen. <i>(aw)<\/i><\/p>\n<p>&nbsp;<\/p>","protected":false},"excerpt":{"rendered":"<p>Die Spitex-Gesch\u00e4ftsstelle f\u00fcr das \u00f6stliche Aargau ist von Bergdietikon nach Spreitenbach gezogen.<\/p>","protected":false},"author":28,"featured_media":0,"comment_status":"closed","ping_status":"closed","sticky":false,"template":"","format":"standard","meta":{"_acf_changed":false,"footnotes":""},"categories":[5],"tags":[6,198,7,467,17,40],"class_list":["post-4219","post","type-post","status-publish","format-standard","hentry","category-ib","tag-ag","tag-bergdietikon","tag-buro","tag-spreitenbach","tag-verfugbare-flache","tag-vermietung"],"acf":[],"_links":{"self":[{"href":"https:\/\/develop.immobilienbusiness.ch\/en\/wp-json\/wp\/v2\/posts\/4219","targetHints":{"allow":["GET"]}}],"collection":[{"href":"https:\/\/develop.immobilienbusiness.ch\/en\/wp-json\/wp\/v2\/posts"}],"about":[{"href":"https:\/\/develop.immobilienbusiness.ch\/en\/wp-json\/wp\/v2\/types\/post"}],"author":[{"embeddable":true,"href":"https:\/\/develop.immobilienbusiness.ch\/en\/wp-json\/wp\/v2\/users\/28"}],"replies":[{"embeddable":true,"href":"https:\/\/develop.immobilienbusiness.ch\/en\/wp-json\/wp\/v2\/comments?post=4219"}],"version-history":[{"count":1,"href":"https:\/\/develop.immobilienbusiness.ch\/en\/wp-json\/wp\/v2\/posts\/4219\/revisions"}],"predecessor-version":[{"id":4220,"href":"https:\/\/develop.immobilienbusiness.ch\/en\/wp-json\/wp\/v2\/posts\/4219\/revisions\/4220"}],"wp:attachment":[{"href":"https:\/\/develop.immobilienbusiness.ch\/en\/wp-json\/wp\/v2\/media?parent=4219"}],"wp:term":[{"taxonomy":"category","embeddable":true,"href":"https:\/\/develop.immobilienbusiness.ch\/en\/wp-json\/wp\/v2\/categories?post=4219"},{"taxonomy":"post_tag","embeddable":true,"href":"https:\/\/develop.immobilienbusiness.ch\/en\/wp-json\/wp\/v2\/tags?post=4219"}],"curies":[{"name":"wp","href":"https:\/\/api.w.org\/{rel}","templated":true}]}}