{"id":4172,"date":"2022-12-26T20:07:11","date_gmt":"2022-12-26T19:07:11","guid":{"rendered":"https:\/\/develop.immobilienbusiness.ch\/?p=4172"},"modified":"2022-12-26T20:07:11","modified_gmt":"2022-12-26T19:07:11","slug":"st-gallen-helvetia-sucht-mieter-fuer-denkmalgeschuetztes-gebaeude","status":"publish","type":"post","link":"https:\/\/develop.immobilienbusiness.ch\/en\/ib\/2022-12-26\/st-gallen-helvetia-sucht-mieter-fuer-denkmalgeschuetztes-gebaeude\/","title":{"rendered":"St. Gallen: Helvetia sucht Mieter f\u00fcr denkmalgesch\u00fctztes Geb\u00e4ude"},"content":{"rendered":"<p>In St. Gallen verhandelt die Helvetia Versicherung laut einem Medienbericht \u00fcber die Vermietung eines innerst\u00e4dtischen B\u00fcrohauses. Wie das \u201eSt. Galler Tagblatt\u201c exklusiv berichtet, werden derzeit die Fassade und der Innenbereich des historischen \u201eHaus Washington\u201c mit 6.000 qm Nutzfl\u00e4che saniert. Bisher war die Versicherung selbst in dem Haus an der Rosenbergstrasse ans\u00e4ssig. Sie werde aber nach der Sanierung nicht zur\u00fcckkehren und verhandelt derzeit mit potenziellen Nachmietern, sagte sie der Zeitung. Bezugstermin sei 2024.<\/p>\n<p>In den Jahren 2018 bis 2020 hatte die Totalunternehmerin Corti Spleiss nach Angaben die Tiefgarage des Komplexes erweitert und erneuert. Die Auftragssumme hatte 3,9 Mio. CHF betragen. <i>(aw)<\/i><\/p>","protected":false},"excerpt":{"rendered":"<p>In der St. Gallener Rosenbergstrasse wird ein denkmalgesch\u00fctztes Geb\u00e4ude mit 6.000 qm Nutzfl\u00e4che, das bisher die Helvetia als Eigennutzern belegte, saniert und nachvermietet.<\/p>","protected":false},"author":28,"featured_media":0,"comment_status":"closed","ping_status":"closed","sticky":false,"template":"","format":"standard","meta":{"_acf_changed":false,"footnotes":""},"categories":[5],"tags":[7,576,115,48,254,17],"class_list":["post-4172","post","type-post","status-publish","format-standard","hentry","category-ib","tag-buro","tag-helevetia","tag-revitalisierung","tag-sg","tag-st-gallen","tag-verfugbare-flache"],"acf":[],"_links":{"self":[{"href":"https:\/\/develop.immobilienbusiness.ch\/en\/wp-json\/wp\/v2\/posts\/4172","targetHints":{"allow":["GET"]}}],"collection":[{"href":"https:\/\/develop.immobilienbusiness.ch\/en\/wp-json\/wp\/v2\/posts"}],"about":[{"href":"https:\/\/develop.immobilienbusiness.ch\/en\/wp-json\/wp\/v2\/types\/post"}],"author":[{"embeddable":true,"href":"https:\/\/develop.immobilienbusiness.ch\/en\/wp-json\/wp\/v2\/users\/28"}],"replies":[{"embeddable":true,"href":"https:\/\/develop.immobilienbusiness.ch\/en\/wp-json\/wp\/v2\/comments?post=4172"}],"version-history":[{"count":1,"href":"https:\/\/develop.immobilienbusiness.ch\/en\/wp-json\/wp\/v2\/posts\/4172\/revisions"}],"predecessor-version":[{"id":4173,"href":"https:\/\/develop.immobilienbusiness.ch\/en\/wp-json\/wp\/v2\/posts\/4172\/revisions\/4173"}],"wp:attachment":[{"href":"https:\/\/develop.immobilienbusiness.ch\/en\/wp-json\/wp\/v2\/media?parent=4172"}],"wp:term":[{"taxonomy":"category","embeddable":true,"href":"https:\/\/develop.immobilienbusiness.ch\/en\/wp-json\/wp\/v2\/categories?post=4172"},{"taxonomy":"post_tag","embeddable":true,"href":"https:\/\/develop.immobilienbusiness.ch\/en\/wp-json\/wp\/v2\/tags?post=4172"}],"curies":[{"name":"wp","href":"https:\/\/api.w.org\/{rel}","templated":true}]}}